{"id":32968,"date":"2025-01-14T18:02:30","date_gmt":"2025-01-14T21:02:30","guid":{"rendered":"https:\/\/radiostudiow.com.br\/site\/?p=32968"},"modified":"2025-01-31T14:56:18","modified_gmt":"2025-01-31T17:56:18","slug":"comunidade-ucraniana-de-mallet-lamenta-morte-de-jovem-soldado-gabriel-lopacinski-na-guerra-da-ucrania","status":"publish","type":"post","link":"https:\/\/radiostudiow.com.br\/site\/2025\/01\/14\/comunidade-ucraniana-de-mallet-lamenta-morte-de-jovem-soldado-gabriel-lopacinski-na-guerra-da-ucrania\/","title":{"rendered":"Comunidade Ucraniana de Mallet lamenta morte de jovem soldado Gabriel Lopacinski na guerra da Ucr\u00e2nia"},"content":{"rendered":"\n<p>A Comunidade Ucraniana Cat\u00f3lica do Sagrado Cora\u00e7\u00e3o de Jesus de Mallet e a da Par\u00f3quia S\u00e3o Jos\u00e9 em Dorizon manifestaram profundo pesar pela morte do jovem soldado Gabriel Lopacinski, de apenas 22 anos, ocorrida enquanto combatia na guerra da Ucr\u00e2nia.<\/p>\n\n\n\n<p>Diversas homenagens ao malletense foram publicadas nas redes sociais, exaltando sua coragem e determina\u00e7\u00e3o em lutar por um ideal que representa n\u00e3o s\u00f3 os ucranianos da cidade de Mallet mas tamb\u00e9m do Brasil.<\/p>\n\n\n\n<figure class=\"wp-block-image size-full\"><img loading=\"lazy\" decoding=\"async\" width=\"897\" height=\"204\" src=\"https:\/\/radiostudiow.com.br\/site\/wp-content\/uploads\/2025\/01\/SITE-GRANDE2.png\" alt=\"\" class=\"wp-image-32805\" srcset=\"https:\/\/radiostudiow.com.br\/site\/wp-content\/uploads\/2025\/01\/SITE-GRANDE2.png 897w, https:\/\/radiostudiow.com.br\/site\/wp-content\/uploads\/2025\/01\/SITE-GRANDE2-300x68.png 300w, https:\/\/radiostudiow.com.br\/site\/wp-content\/uploads\/2025\/01\/SITE-GRANDE2-768x175.png 768w\" sizes=\"auto, (max-width: 897px) 100vw, 897px\" \/><\/figure>\n\n\n\n<p>Em nota oficial, assinada pelos p\u00e1rocos Padre Daniel Horodeski e Padre Michael Barbusa, a comunidade destacou a bravura de Gabriel, que se voluntariou para lutar no conflito, que em fevereiro de 2025 completar\u00e1 tr\u00eas anos.<\/p>\n\n\n\n<p>A nota tamb\u00e9m pediu ora\u00e7\u00f5es pela fam\u00edlia do jovem e refor\u00e7ou a mem\u00f3ria e o sacrif\u00edcio de Gabriel como um s\u00edmbolo de luta e resist\u00eancia.<\/p>\n\n\n\n<h2 class=\"wp-block-heading has-text-align-center\">Confira a \u00edntegra das notas emitidas pela comunidade ucraniana malletense:<\/h2>\n\n\n\n<blockquote class=\"wp-block-quote is-layout-flow wp-block-quote-is-layout-flow\">\n<p class=\"has-text-align-center\">&#8220;A Par\u00f3quia Cat\u00f3lica Ucraniana Sagrado Cora\u00e7\u00e3o de Jesus &#8211; Mallet-PR, juntamente com o P\u00e1roco Padre Daniel Horodeski e o Padre Vig\u00e1rio Michael Barbusa, com toda a comunidade ucraniana, vem expressar sentimentos de pesar e profunda tristeza pela perda do jovem soldado Gabriel Lopacinski, que estava defendendo a P\u00e1tria M\u00e3e Ucr\u00e2nia.<br>Pedimos ora\u00e7\u00f5es pela sua fam\u00edlia e que Deus o acolha em sua gl\u00f3ria.<br>\u0412\u0456\u0447\u043d\u0430 \u043f\u0430\u043c&#8217;\u044f\u0442\u044c &#8211; Eterna seja sua Gl\u00f3ria.<br>\u0421\u041b\u0410\u0412\u0410 \u0423\u041a\u0420\u0410\u0407\u041d\u0406! \u0413\u0415\u0420\u041e\u042f\u0410\u041c \u0421\u041b\u0410\u0412\u0410.<br>GL\u00d3RIA \u00c0 UCR\u00c2NIA.<br>GL\u00d3RIA AOS HER\u00d3IS.&#8221;<\/p>\n<\/blockquote>\n\n\n\n<figure class=\"wp-block-image size-full\"><img loading=\"lazy\" decoding=\"async\" width=\"720\" height=\"720\" src=\"https:\/\/radiostudiow.com.br\/site\/wp-content\/uploads\/2025\/01\/9fe98454-7a86-4447-87ce-79a7788262f0.jpeg\" alt=\"\" class=\"wp-image-32973\" srcset=\"https:\/\/radiostudiow.com.br\/site\/wp-content\/uploads\/2025\/01\/9fe98454-7a86-4447-87ce-79a7788262f0.jpeg 720w, https:\/\/radiostudiow.com.br\/site\/wp-content\/uploads\/2025\/01\/9fe98454-7a86-4447-87ce-79a7788262f0-300x300.jpeg 300w, https:\/\/radiostudiow.com.br\/site\/wp-content\/uploads\/2025\/01\/9fe98454-7a86-4447-87ce-79a7788262f0-80x80.jpeg 80w\" sizes=\"auto, (max-width: 720px) 100vw, 720px\" \/><\/figure>\n\n\n\n<h2 class=\"wp-block-heading has-text-align-center\">NOTA DE PESAR<\/h2>\n\n\n\n<blockquote class=\"wp-block-quote has-text-align-center is-layout-flow wp-block-quote-is-layout-flow\">\n<p>&#8220;A Par\u00f3quia Cat\u00f3lica Ucraniana S\u00e3o Jos\u00e9 de Dorizon, juntamente, com o seu p\u00e1roco Padre Michael Barbusa e toda a comunidade, vem expressar o sentimento de pesar e tristeza pela perda do jovem Gabriel Lopacinski, guerreiro que foi lutar na Ucr\u00e2nia, terras dos nossos antepassados.<br>Pedimos a Deus que o acolha na eternidade e conceda a todos familiares o conforto e as for\u00e7as necess\u00e1rias para passar por esse momento de dor.<\/p>\n\n\n\n<p>Em ora\u00e7\u00f5es! Eterna seja a sua mem\u00f3ria!<br>Descanse em paz Gabriel Lopacinski!&#8221;<\/p>\n<\/blockquote>\n\n\n\n<p>A guerra na Ucr\u00e2nia, que come\u00e7ou em 2022, j\u00e1 causou a morte de cerca de 100 mil soldados ucranianos, segundo estimativas de ag\u00eancias internacionais. Al\u00e9m disso, mais de 15 mil volunt\u00e1rios de diferentes pa\u00edses se juntaram ao conflito, incluindo Gabriel Lopacinski, que agora \u00e9 lembrado como um her\u00f3i tanto por sua fam\u00edlia quanto pela comunidade ucraniana de Mallet.<\/p>\n\n\n\n<figure class=\"wp-block-image size-full\"><img loading=\"lazy\" decoding=\"async\" width=\"897\" height=\"204\" src=\"https:\/\/radiostudiow.com.br\/site\/wp-content\/uploads\/2025\/01\/SITE-GRANDE6.png\" alt=\"\" class=\"wp-image-32870\" srcset=\"https:\/\/radiostudiow.com.br\/site\/wp-content\/uploads\/2025\/01\/SITE-GRANDE6.png 897w, https:\/\/radiostudiow.com.br\/site\/wp-content\/uploads\/2025\/01\/SITE-GRANDE6-300x68.png 300w, https:\/\/radiostudiow.com.br\/site\/wp-content\/uploads\/2025\/01\/SITE-GRANDE6-768x175.png 768w\" sizes=\"auto, (max-width: 897px) 100vw, 897px\" \/><\/figure>\n\n\n\n<blockquote class=\"wp-block-quote is-layout-flow wp-block-quote-is-layout-flow\">\n<h2 class=\"wp-block-heading has-text-align-center\"><\/h2>\n\n\n\n<p class=\"has-text-align-center\">O gesto de Gabriel serve como um tributo \u00e0 luta pela liberdade e pelos ideais da Ucr\u00e2nia, pa\u00eds que compartilha fortes la\u00e7os culturais e hist\u00f3ricos com Mallet com os nossos antepassados.<\/p>\n<\/blockquote>\n","protected":false},"excerpt":{"rendered":"<p>A Comunidade Ucraniana Cat\u00f3lica do Sagrado Cora\u00e7\u00e3o de Jesus de Mallet e a da Par\u00f3quia S\u00e3o Jos\u00e9 em Dorizon manifestaram profundo pesar pela morte do jovem soldado Gabriel Lopacinski, de apenas 22 anos, ocorrida enquanto combatia na guerra da Ucr\u00e2nia. Diversas homenagens ao malletense foram publicadas nas redes sociais, exaltando sua coragem e determina\u00e7\u00e3o em [&hellip;]<\/p>\n","protected":false},"author":2,"featured_media":32969,"comment_status":"open","ping_status":"open","sticky":false,"template":"","format":"standard","meta":{"footnotes":""},"categories":[184],"tags":[172],"class_list":["post-32968","post","type-post","status-publish","format-standard","has-post-thumbnail","hentry","category-local","tag-featured"],"amp_enabled":true,"_links":{"self":[{"href":"https:\/\/radiostudiow.com.br\/site\/wp-json\/wp\/v2\/posts\/32968","targetHints":{"allow":["GET"]}}],"collection":[{"href":"https:\/\/radiostudiow.com.br\/site\/wp-json\/wp\/v2\/posts"}],"about":[{"href":"https:\/\/radiostudiow.com.br\/site\/wp-json\/wp\/v2\/types\/post"}],"author":[{"embeddable":true,"href":"https:\/\/radiostudiow.com.br\/site\/wp-json\/wp\/v2\/users\/2"}],"replies":[{"embeddable":true,"href":"https:\/\/radiostudiow.com.br\/site\/wp-json\/wp\/v2\/comments?post=32968"}],"version-history":[{"count":2,"href":"https:\/\/radiostudiow.com.br\/site\/wp-json\/wp\/v2\/posts\/32968\/revisions"}],"predecessor-version":[{"id":32974,"href":"https:\/\/radiostudiow.com.br\/site\/wp-json\/wp\/v2\/posts\/32968\/revisions\/32974"}],"wp:featuredmedia":[{"embeddable":true,"href":"https:\/\/radiostudiow.com.br\/site\/wp-json\/wp\/v2\/media\/32969"}],"wp:attachment":[{"href":"https:\/\/radiostudiow.com.br\/site\/wp-json\/wp\/v2\/media?parent=32968"}],"wp:term":[{"taxonomy":"category","embeddable":true,"href":"https:\/\/radiostudiow.com.br\/site\/wp-json\/wp\/v2\/categories?post=32968"},{"taxonomy":"post_tag","embeddable":true,"href":"https:\/\/radiostudiow.com.br\/site\/wp-json\/wp\/v2\/tags?post=32968"}],"curies":[{"name":"wp","href":"https:\/\/api.w.org\/{rel}","templated":true}]}}