{"id":32975,"date":"2025-01-14T19:00:52","date_gmt":"2025-01-14T22:00:52","guid":{"rendered":"https:\/\/radiostudiow.com.br\/site\/?p=32975"},"modified":"2025-01-31T14:56:18","modified_gmt":"2025-01-31T17:56:18","slug":"video-delegado-tiago-franca-da-policia-civil-de-reboucas-atualiza-caso-de-crianca-de-4-anos-que-foi-estuprada-em-rio-azul-autor-esta-preso","status":"publish","type":"post","link":"https:\/\/radiostudiow.com.br\/site\/2025\/01\/14\/video-delegado-tiago-franca-da-policia-civil-de-reboucas-atualiza-caso-de-crianca-de-4-anos-que-foi-estuprada-em-rio-azul-autor-esta-preso\/","title":{"rendered":"V\u00eddeo: Delegado Tiago Fran\u00e7a da Pol\u00edcia Civil de Rebou\u00e7as atualiza caso de crian\u00e7a de 4 anos que foi estuprada em Rio Azul. Autor est\u00e1 preso"},"content":{"rendered":"\n<p>Um homem foi preso em flagrante ap\u00f3s ser acusado de estuprar uma menina de apenas 4 anos de idade na madrugada do \u00faltimo domingo, 12 de janeiro, em Rio Azul. O caso ocorreu em uma \u00e1rea de mata pr\u00f3xima a um bar e est\u00e1 sendo investigado pelas autoridades.<\/p>\n\n\n\n<figure class=\"wp-block-image size-full\"><img loading=\"lazy\" decoding=\"async\" width=\"598\" height=\"204\" src=\"https:\/\/radiostudiow.com.br\/site\/wp-content\/uploads\/2025\/01\/SITE-MEDIO7.png\" alt=\"\" class=\"wp-image-32801\" srcset=\"https:\/\/radiostudiow.com.br\/site\/wp-content\/uploads\/2025\/01\/SITE-MEDIO7.png 598w, https:\/\/radiostudiow.com.br\/site\/wp-content\/uploads\/2025\/01\/SITE-MEDIO7-300x102.png 300w\" sizes=\"auto, (max-width: 598px) 100vw, 598px\" \/><\/figure>\n\n\n\n<p>Segundo informa\u00e7\u00f5es, a m\u00e3e da crian\u00e7a estava no bar, onde teria se desentendido com outra pessoa. Durante a confus\u00e3o, a menina desapareceu momentaneamente. Testemunhas relataram ter ouvido o choro da crian\u00e7a vindo de uma \u00e1rea de mata nas proximidades.<\/p>\n\n\n\n<p>Ao encontr\u00e1-la, a m\u00e3e percebeu que a menina estava sem as roupas da parte inferior e apresentava sinais de sangramento. O Servi\u00e7o de Atendimento M\u00f3vel de Urg\u00eancia (SAMU) foi acionado e prestou os primeiros socorros \u00e0 v\u00edtima, que foi levada ao hospital para atendimento m\u00e9dico.<\/p>\n\n\n\n<p><em>A Pol\u00edcia Militar iniciou buscas e, com informa\u00e7\u00f5es fornecidas por testemunhas, localizou e prendeu o suspeito em flagrante. O delegado respons\u00e1vel pelo caso informou que o homem foi autuado por estupro de vulner\u00e1vel e permanece detido \u00e0 disposi\u00e7\u00e3o da Justi\u00e7a.<\/em><\/p>\n\n\n\n<figure class=\"wp-block-image size-full\"><img loading=\"lazy\" decoding=\"async\" width=\"897\" height=\"204\" src=\"https:\/\/radiostudiow.com.br\/site\/wp-content\/uploads\/2025\/01\/SITE-GRANDE6.png\" alt=\"\" class=\"wp-image-32870\" srcset=\"https:\/\/radiostudiow.com.br\/site\/wp-content\/uploads\/2025\/01\/SITE-GRANDE6.png 897w, https:\/\/radiostudiow.com.br\/site\/wp-content\/uploads\/2025\/01\/SITE-GRANDE6-300x68.png 300w, https:\/\/radiostudiow.com.br\/site\/wp-content\/uploads\/2025\/01\/SITE-GRANDE6-768x175.png 768w\" sizes=\"auto, (max-width: 897px) 100vw, 897px\" \/><\/figure>\n\n\n\n<blockquote class=\"wp-block-quote is-layout-flow wp-block-quote-is-layout-flow\">\n<p class=\"has-text-align-center\">Delegado Tiago Fran\u00e7a da Pol\u00edcia Civil de Rebou\u00e7as, atualiza caso de crian\u00e7a de 4 anos que foi estuprada em Rio Azul. Confira:<\/p>\n<\/blockquote>\n\n\n\n<figure class=\"wp-block-video\"><video height=\"480\" style=\"aspect-ratio: 782 \/ 480;\" width=\"782\" controls src=\"https:\/\/radiostudiow.com.br\/site\/wp-content\/uploads\/2025\/01\/FDownloader.Net_AQMbDOXU1EDBePL7FaQQpeKj2mLBydCoJNIBcNQJX-bqXlphc26Fha2Y4afpuvtzF_l5OAxvR_VtKXqRmgNarl8G_720p_HD.mp4\"><\/video><\/figure>\n","protected":false},"excerpt":{"rendered":"<p>Um homem foi preso em flagrante ap\u00f3s ser acusado de estuprar uma menina de apenas 4 anos de idade na madrugada do \u00faltimo domingo, 12 de janeiro, em Rio Azul. O caso ocorreu em uma \u00e1rea de mata pr\u00f3xima a um bar e est\u00e1 sendo investigado pelas autoridades. Segundo informa\u00e7\u00f5es, a m\u00e3e da crian\u00e7a estava [&hellip;]<\/p>\n","protected":false},"author":2,"featured_media":32983,"comment_status":"open","ping_status":"open","sticky":false,"template":"","format":"standard","meta":{"footnotes":""},"categories":[2],"tags":[172],"class_list":["post-32975","post","type-post","status-publish","format-standard","has-post-thumbnail","hentry","category-policial","tag-featured"],"amp_enabled":true,"_links":{"self":[{"href":"https:\/\/radiostudiow.com.br\/site\/wp-json\/wp\/v2\/posts\/32975","targetHints":{"allow":["GET"]}}],"collection":[{"href":"https:\/\/radiostudiow.com.br\/site\/wp-json\/wp\/v2\/posts"}],"about":[{"href":"https:\/\/radiostudiow.com.br\/site\/wp-json\/wp\/v2\/types\/post"}],"author":[{"embeddable":true,"href":"https:\/\/radiostudiow.com.br\/site\/wp-json\/wp\/v2\/users\/2"}],"replies":[{"embeddable":true,"href":"https:\/\/radiostudiow.com.br\/site\/wp-json\/wp\/v2\/comments?post=32975"}],"version-history":[{"count":1,"href":"https:\/\/radiostudiow.com.br\/site\/wp-json\/wp\/v2\/posts\/32975\/revisions"}],"predecessor-version":[{"id":32984,"href":"https:\/\/radiostudiow.com.br\/site\/wp-json\/wp\/v2\/posts\/32975\/revisions\/32984"}],"wp:featuredmedia":[{"embeddable":true,"href":"https:\/\/radiostudiow.com.br\/site\/wp-json\/wp\/v2\/media\/32983"}],"wp:attachment":[{"href":"https:\/\/radiostudiow.com.br\/site\/wp-json\/wp\/v2\/media?parent=32975"}],"wp:term":[{"taxonomy":"category","embeddable":true,"href":"https:\/\/radiostudiow.com.br\/site\/wp-json\/wp\/v2\/categories?post=32975"},{"taxonomy":"post_tag","embeddable":true,"href":"https:\/\/radiostudiow.com.br\/site\/wp-json\/wp\/v2\/tags?post=32975"}],"curies":[{"name":"wp","href":"https:\/\/api.w.org\/{rel}","templated":true}]}}