{"id":32985,"date":"2025-01-14T19:55:12","date_gmt":"2025-01-14T22:55:12","guid":{"rendered":"https:\/\/radiostudiow.com.br\/site\/?p=32985"},"modified":"2025-01-15T10:32:35","modified_gmt":"2025-01-15T13:32:35","slug":"familia-busca-informacoes-sobre-jovem-desaparecido-em-sao-mateus-do-sul","status":"publish","type":"post","link":"https:\/\/radiostudiow.com.br\/site\/2025\/01\/14\/familia-busca-informacoes-sobre-jovem-desaparecido-em-sao-mateus-do-sul\/","title":{"rendered":"Fam\u00edlia Busca Informa\u00e7\u00f5es Sobre Jovem Desaparecido em S\u00e3o Mateus do Sul"},"content":{"rendered":"\n<p>A fam\u00edlia de Vinicius da Silva Rodrigues Furtado, de 21 anos, est\u00e1 em busca de informa\u00e7\u00f5es sobre o seu paradeiro. Vinicius tem 1,65m de altura, olhos castanhos e cabelos castanhos.<\/p>\n\n\n\n<p>Ele foi visto pela \u00faltima vez na sexta-feira (10\/01) e, desde ent\u00e3o, a fam\u00edlia n\u00e3o recebeu nenhuma not\u00edcia sobre seu destino.<\/p>\n\n\n\n<figure class=\"wp-block-image size-full\"><img loading=\"lazy\" decoding=\"async\" width=\"598\" height=\"204\" src=\"https:\/\/radiostudiow.com.br\/site\/wp-content\/uploads\/2025\/01\/SITE-MEDIO3.png\" alt=\"\" class=\"wp-image-32815\" srcset=\"https:\/\/radiostudiow.com.br\/site\/wp-content\/uploads\/2025\/01\/SITE-MEDIO3.png 598w, https:\/\/radiostudiow.com.br\/site\/wp-content\/uploads\/2025\/01\/SITE-MEDIO3-300x102.png 300w\" sizes=\"auto, (max-width: 598px) 100vw, 598px\" \/><\/figure>\n\n\n\n<p>Quem <a><\/a>tiver qualquer informa\u00e7\u00e3o que possa ajudar a localiz\u00e1-lo, entre em contato pelos n\u00fameros:<\/p>\n\n\n\n<p><img loading=\"lazy\" decoding=\"async\" height=\"16\" width=\"16\" alt=\"\ud83d\udcde\" src=\"https:\/\/static.xx.fbcdn.net\/images\/emoji.php\/v9\/t4d\/1\/16\/1f4de.png\"> (42) 98808-4220 (Neuci, tia do Vinicius)<\/p>\n\n\n\n<p><img loading=\"lazy\" decoding=\"async\" height=\"16\" width=\"16\" alt=\"\ud83d\udcde\" src=\"https:\/\/static.xx.fbcdn.net\/images\/emoji.php\/v9\/t4d\/1\/16\/1f4de.png\"> (42) 98872-0276 (Aline Rodrigues, m\u00e3e)<\/p>\n\n\n\n<p>A fam\u00edlia agradece qualquer ajuda que possa trazer not\u00edcias de Vinicius.<\/p>\n\n\n\n<p>Texto Samas Sul Lista<\/p>\n","protected":false},"excerpt":{"rendered":"<p>A fam\u00edlia de Vinicius da Silva Rodrigues Furtado, de 21 anos, est\u00e1 em busca de informa\u00e7\u00f5es sobre o seu paradeiro. Vinicius tem 1,65m de altura, olhos castanhos e cabelos castanhos. Ele foi visto pela \u00faltima vez na sexta-feira (10\/01) e, desde ent\u00e3o, a fam\u00edlia n\u00e3o recebeu nenhuma not\u00edcia sobre seu destino. Quem tiver qualquer informa\u00e7\u00e3o [&hellip;]<\/p>\n","protected":false},"author":2,"featured_media":32986,"comment_status":"open","ping_status":"open","sticky":false,"template":"","format":"standard","meta":{"footnotes":""},"categories":[185],"tags":[172],"class_list":["post-32985","post","type-post","status-publish","format-standard","has-post-thumbnail","hentry","category-regional","tag-featured"],"amp_enabled":true,"_links":{"self":[{"href":"https:\/\/radiostudiow.com.br\/site\/wp-json\/wp\/v2\/posts\/32985","targetHints":{"allow":["GET"]}}],"collection":[{"href":"https:\/\/radiostudiow.com.br\/site\/wp-json\/wp\/v2\/posts"}],"about":[{"href":"https:\/\/radiostudiow.com.br\/site\/wp-json\/wp\/v2\/types\/post"}],"author":[{"embeddable":true,"href":"https:\/\/radiostudiow.com.br\/site\/wp-json\/wp\/v2\/users\/2"}],"replies":[{"embeddable":true,"href":"https:\/\/radiostudiow.com.br\/site\/wp-json\/wp\/v2\/comments?post=32985"}],"version-history":[{"count":1,"href":"https:\/\/radiostudiow.com.br\/site\/wp-json\/wp\/v2\/posts\/32985\/revisions"}],"predecessor-version":[{"id":32987,"href":"https:\/\/radiostudiow.com.br\/site\/wp-json\/wp\/v2\/posts\/32985\/revisions\/32987"}],"wp:featuredmedia":[{"embeddable":true,"href":"https:\/\/radiostudiow.com.br\/site\/wp-json\/wp\/v2\/media\/32986"}],"wp:attachment":[{"href":"https:\/\/radiostudiow.com.br\/site\/wp-json\/wp\/v2\/media?parent=32985"}],"wp:term":[{"taxonomy":"category","embeddable":true,"href":"https:\/\/radiostudiow.com.br\/site\/wp-json\/wp\/v2\/categories?post=32985"},{"taxonomy":"post_tag","embeddable":true,"href":"https:\/\/radiostudiow.com.br\/site\/wp-json\/wp\/v2\/tags?post=32985"}],"curies":[{"name":"wp","href":"https:\/\/api.w.org\/{rel}","templated":true}]}}