{"id":3299,"date":"2021-08-19T09:41:54","date_gmt":"2021-08-19T12:41:54","guid":{"rendered":"https:\/\/radiostudiow.com.br\/site\/?p=3299"},"modified":"2025-01-31T15:12:31","modified_gmt":"2025-01-31T18:12:31","slug":"homem-e-preso-em-flagrante-ao-tentar-arrombar-loja-em-uniao-da-vitoria","status":"publish","type":"post","link":"https:\/\/radiostudiow.com.br\/site\/2021\/08\/19\/homem-e-preso-em-flagrante-ao-tentar-arrombar-loja-em-uniao-da-vitoria\/","title":{"rendered":"Homem \u00e9 preso em flagrante ao tentar arrombar loja em Uni\u00e3o da Vit\u00f3ria"},"content":{"rendered":"\n<p>A equipe da Pol\u00edcia Militar de Uni\u00e3o da Vit\u00f3ria foi acionada por um senhor nessa ter\u00e7a &#8211; feira, 17 de agosto, o qual relatou que trabalha em uma empresa de monitoramento e ao verificar as c\u00e2meras de seguran\u00e7a de uma loja localizada na Rua Ipiranga, no centro de Uni\u00e3o da Vitoria, percebeu que um homem tentava arrombar a porta do estabelecimento.<\/p>\n\n\n\n<p>O solicitante afirmou que viu o suspeito passando pela frente da loja, olhando para as vitrines e que, pouco tempo depois, pegou uma chave de fenda de dentro de uma mochila e tentou arrombar a porta da loja. Contudo, o suspeito n\u00e3o conseguiu \u00eaxito em sua tentativa, pois o mesmo foi surpreendido pelo solicitante, que foi at\u00e9 o local e imobilizou o suspeito. Ap\u00f3s, o solicitante acionou a PM.<\/p>\n\n\n\n<p>Quando a equipe chegou, o suspeito estava contido. Foi dada voz de pris\u00e3o ao homem, e esse foi conduzido \u00e0 4\u00aa SDP.<\/p>\n\n\n\n<figure class=\"wp-block-image size-full\"><img decoding=\"async\" src=\"https:\/\/radiostudiow.com.br\/site\/wp-content\/uploads\/2021\/07\/SICREDI.jpg\" alt=\"\" class=\"wp-image-3081\"\/><\/figure>\n","protected":false},"excerpt":{"rendered":"<p>A equipe da Pol\u00edcia Militar de Uni\u00e3o da Vit\u00f3ria foi acionada por um senhor nessa ter\u00e7a &#8211; feira, 17 de agosto, o qual relatou que trabalha em uma empresa de monitoramento e ao verificar as c\u00e2meras de seguran\u00e7a de uma loja localizada na Rua Ipiranga, no centro de Uni\u00e3o da Vitoria, percebeu que um homem [&hellip;]<\/p>\n","protected":false},"author":2,"featured_media":3094,"comment_status":"open","ping_status":"open","sticky":false,"template":"","format":"standard","meta":{"footnotes":""},"categories":[2],"tags":[172],"class_list":["post-3299","post","type-post","status-publish","format-standard","has-post-thumbnail","hentry","category-policial","tag-featured"],"amp_enabled":true,"_links":{"self":[{"href":"https:\/\/radiostudiow.com.br\/site\/wp-json\/wp\/v2\/posts\/3299","targetHints":{"allow":["GET"]}}],"collection":[{"href":"https:\/\/radiostudiow.com.br\/site\/wp-json\/wp\/v2\/posts"}],"about":[{"href":"https:\/\/radiostudiow.com.br\/site\/wp-json\/wp\/v2\/types\/post"}],"author":[{"embeddable":true,"href":"https:\/\/radiostudiow.com.br\/site\/wp-json\/wp\/v2\/users\/2"}],"replies":[{"embeddable":true,"href":"https:\/\/radiostudiow.com.br\/site\/wp-json\/wp\/v2\/comments?post=3299"}],"version-history":[{"count":1,"href":"https:\/\/radiostudiow.com.br\/site\/wp-json\/wp\/v2\/posts\/3299\/revisions"}],"predecessor-version":[{"id":3300,"href":"https:\/\/radiostudiow.com.br\/site\/wp-json\/wp\/v2\/posts\/3299\/revisions\/3300"}],"wp:featuredmedia":[{"embeddable":true,"href":"https:\/\/radiostudiow.com.br\/site\/wp-json\/wp\/v2\/media\/3094"}],"wp:attachment":[{"href":"https:\/\/radiostudiow.com.br\/site\/wp-json\/wp\/v2\/media?parent=3299"}],"wp:term":[{"taxonomy":"category","embeddable":true,"href":"https:\/\/radiostudiow.com.br\/site\/wp-json\/wp\/v2\/categories?post=3299"},{"taxonomy":"post_tag","embeddable":true,"href":"https:\/\/radiostudiow.com.br\/site\/wp-json\/wp\/v2\/tags?post=3299"}],"curies":[{"name":"wp","href":"https:\/\/api.w.org\/{rel}","templated":true}]}}