{"id":32992,"date":"2025-01-15T09:57:48","date_gmt":"2025-01-15T12:57:48","guid":{"rendered":"https:\/\/radiostudiow.com.br\/site\/?p=32992"},"modified":"2025-01-31T14:56:18","modified_gmt":"2025-01-31T17:56:18","slug":"homem-denuncia-furtos-e-oferece-informacoes-sobre-suspeito-em-cruz-machado","status":"publish","type":"post","link":"https:\/\/radiostudiow.com.br\/site\/2025\/01\/15\/homem-denuncia-furtos-e-oferece-informacoes-sobre-suspeito-em-cruz-machado\/","title":{"rendered":"Homem denuncia furtos e oferece informa\u00e7\u00f5es sobre suspeito em Cruz Machado"},"content":{"rendered":"\n<p>Um homem, qual \u00e9 morador da \u00e1rea rural de Cruz Machado, compareceu ao Pelot\u00e3o da Pol\u00edcia Militar\u00a0 na ter\u00e7a-feira, 14 de janeiro, para relatar um poss\u00edvel caso de furto.<\/p>\n\n\n\n<p>De acordo com o solicitante, um indiv\u00edduo que est\u00e1 na regi\u00e3o h\u00e1 alguns dias lhe ofereceu uma motocicleta Yamaha YBR de cor preta, sem carenagens laterais, chave ou documenta\u00e7\u00e3o, mas em funcionamento por liga\u00e7\u00e3o direta. O ve\u00edculo, de acordo com a v\u00edtima, pode ter sido furtado.<\/p>\n\n\n\n<figure class=\"wp-block-image size-full\"><img loading=\"lazy\" decoding=\"async\" width=\"897\" height=\"204\" src=\"https:\/\/radiostudiow.com.br\/site\/wp-content\/uploads\/2025\/01\/SITE-GRANDE2.png\" alt=\"\" class=\"wp-image-32805\" srcset=\"https:\/\/radiostudiow.com.br\/site\/wp-content\/uploads\/2025\/01\/SITE-GRANDE2.png 897w, https:\/\/radiostudiow.com.br\/site\/wp-content\/uploads\/2025\/01\/SITE-GRANDE2-300x68.png 300w, https:\/\/radiostudiow.com.br\/site\/wp-content\/uploads\/2025\/01\/SITE-GRANDE2-768x175.png 768w\" sizes=\"auto, (max-width: 897px) 100vw, 897px\" \/><\/figure>\n\n\n\n<p>O denunciante afirmou que o mesmo homem subtraiu um aparelho celular Motorola azul, que estava em uma prateleira de sua resid\u00eancia, e deixou o local em dire\u00e7\u00e3o desconhecida. Ele tamb\u00e9m relatou que o suspeito tem se hospedado na casa de parentes na regi\u00e3o e estaria praticando furtos de maneira recorrente.<\/p>\n\n\n\n<p>A Pol\u00edcia Militar orientou o solicitante sobre os procedimentos a serem adotados. O caso segue sob investiga\u00e7\u00e3o.<\/p>\n","protected":false},"excerpt":{"rendered":"<p>Um homem, qual \u00e9 morador da \u00e1rea rural de Cruz Machado, compareceu ao Pelot\u00e3o da Pol\u00edcia Militar\u00a0 na ter\u00e7a-feira, 14 de janeiro, para relatar um poss\u00edvel caso de furto. De acordo com o solicitante, um indiv\u00edduo que est\u00e1 na regi\u00e3o h\u00e1 alguns dias lhe ofereceu uma motocicleta Yamaha YBR de cor preta, sem carenagens laterais, [&hellip;]<\/p>\n","protected":false},"author":2,"featured_media":29243,"comment_status":"open","ping_status":"open","sticky":false,"template":"","format":"standard","meta":{"footnotes":""},"categories":[2],"tags":[172],"class_list":["post-32992","post","type-post","status-publish","format-standard","has-post-thumbnail","hentry","category-policial","tag-featured"],"amp_enabled":true,"_links":{"self":[{"href":"https:\/\/radiostudiow.com.br\/site\/wp-json\/wp\/v2\/posts\/32992","targetHints":{"allow":["GET"]}}],"collection":[{"href":"https:\/\/radiostudiow.com.br\/site\/wp-json\/wp\/v2\/posts"}],"about":[{"href":"https:\/\/radiostudiow.com.br\/site\/wp-json\/wp\/v2\/types\/post"}],"author":[{"embeddable":true,"href":"https:\/\/radiostudiow.com.br\/site\/wp-json\/wp\/v2\/users\/2"}],"replies":[{"embeddable":true,"href":"https:\/\/radiostudiow.com.br\/site\/wp-json\/wp\/v2\/comments?post=32992"}],"version-history":[{"count":1,"href":"https:\/\/radiostudiow.com.br\/site\/wp-json\/wp\/v2\/posts\/32992\/revisions"}],"predecessor-version":[{"id":32993,"href":"https:\/\/radiostudiow.com.br\/site\/wp-json\/wp\/v2\/posts\/32992\/revisions\/32993"}],"wp:featuredmedia":[{"embeddable":true,"href":"https:\/\/radiostudiow.com.br\/site\/wp-json\/wp\/v2\/media\/29243"}],"wp:attachment":[{"href":"https:\/\/radiostudiow.com.br\/site\/wp-json\/wp\/v2\/media?parent=32992"}],"wp:term":[{"taxonomy":"category","embeddable":true,"href":"https:\/\/radiostudiow.com.br\/site\/wp-json\/wp\/v2\/categories?post=32992"},{"taxonomy":"post_tag","embeddable":true,"href":"https:\/\/radiostudiow.com.br\/site\/wp-json\/wp\/v2\/tags?post=32992"}],"curies":[{"name":"wp","href":"https:\/\/api.w.org\/{rel}","templated":true}]}}