{"id":32994,"date":"2025-01-15T10:20:22","date_gmt":"2025-01-15T13:20:22","guid":{"rendered":"https:\/\/radiostudiow.com.br\/site\/?p=32994"},"modified":"2025-01-15T10:20:22","modified_gmt":"2025-01-15T13:20:22","slug":"maquinario-para-obras-na-br-476-deve-chegar-nos-proximos-dias","status":"publish","type":"post","link":"https:\/\/radiostudiow.com.br\/site\/2025\/01\/15\/maquinario-para-obras-na-br-476-deve-chegar-nos-proximos-dias\/","title":{"rendered":"Maquin\u00e1rio para obras na BR-476 deve chegar nos pr\u00f3ximos dias"},"content":{"rendered":"\n<p>Como informado foi assinada nesta ter\u00e7a-feira, 14 de janeiro, a ordem de servi\u00e7o para o in\u00edcio das obras de recupera\u00e7\u00e3o da BR-476 no trecho entre Uni\u00e3o da Vit\u00f3ria e S\u00e3o Mateus do Sul.<\/p>\n\n\n\n<figure class=\"wp-block-image size-full\"><img loading=\"lazy\" decoding=\"async\" width=\"897\" height=\"204\" src=\"https:\/\/radiostudiow.com.br\/site\/wp-content\/uploads\/2025\/01\/SITE-GRANDE4.png\" alt=\"\" class=\"wp-image-32888\" srcset=\"https:\/\/radiostudiow.com.br\/site\/wp-content\/uploads\/2025\/01\/SITE-GRANDE4.png 897w, https:\/\/radiostudiow.com.br\/site\/wp-content\/uploads\/2025\/01\/SITE-GRANDE4-300x68.png 300w, https:\/\/radiostudiow.com.br\/site\/wp-content\/uploads\/2025\/01\/SITE-GRANDE4-768x175.png 768w\" sizes=\"auto, (max-width: 897px) 100vw, 897px\" \/><\/figure>\n\n\n\n<p>Com os tr\u00e2mites burocr\u00e1ticos vencidos, a obra deve come\u00e7ar nas pr\u00f3ximas semanas. A empresa vencedora da licita\u00e7\u00e3o, a Ethos Engenharia de Infraestrutura, de Minas Gerais, venceu a licita\u00e7\u00e3o para executar os servi\u00e7os de restaura\u00e7\u00e3o do pavimento das pistas de rolamento e dos acostamentos, al\u00e9m da conserva\u00e7\u00e3o e manuten\u00e7\u00e3o de todo trecho entre as duas cidades.<\/p>\n\n\n\n<p><strong>A obra vai custar R$ 99 milh\u00f5es e o prazo de execu\u00e7\u00e3o \u00e9 de 18 meses a 24 meses.<\/strong><\/p>\n\n\n\n<figure class=\"wp-block-image size-full\"><img loading=\"lazy\" decoding=\"async\" width=\"897\" height=\"204\" src=\"https:\/\/radiostudiow.com.br\/site\/wp-content\/uploads\/2025\/01\/SITE-GRANDE6.png\" alt=\"\" class=\"wp-image-32870\" srcset=\"https:\/\/radiostudiow.com.br\/site\/wp-content\/uploads\/2025\/01\/SITE-GRANDE6.png 897w, https:\/\/radiostudiow.com.br\/site\/wp-content\/uploads\/2025\/01\/SITE-GRANDE6-300x68.png 300w, https:\/\/radiostudiow.com.br\/site\/wp-content\/uploads\/2025\/01\/SITE-GRANDE6-768x175.png 768w\" sizes=\"auto, (max-width: 897px) 100vw, 897px\" \/><\/figure>\n\n\n\n<p><em><strong>\u201c\u00c9 uma empresa que j\u00e1 tem algumas obras na regi\u00e3o, tem feito um trabalho de recupera\u00e7\u00e3o de rodovias, e est\u00e1 trazendo seus equipamentos para dar in\u00edcio a montagem do canteiro de obras. \u00c9 claro que precisamos ficar atentos para que n\u00e3o faltem recursos, que a\u00ed as coisas se complicam. Mas j\u00e1 estou buscando uma reuni\u00e3o com o ministro Renan Filho (dos Transportes) no in\u00edcio de fevereiro para garantir que n\u00e3o haver\u00e1 falta de recursos\u201d, destacou o deputado federal Tadeu Veneri, que \u00e9 um dos representantes da regi\u00e3o na C\u00e2mara dos Deputados, em Bras\u00edlia.<\/strong><\/em><\/p>\n\n\n\n<p><\/p>\n","protected":false},"excerpt":{"rendered":"<p>Como informado foi assinada nesta ter\u00e7a-feira, 14 de janeiro, a ordem de servi\u00e7o para o in\u00edcio das obras de recupera\u00e7\u00e3o da BR-476 no trecho entre Uni\u00e3o da Vit\u00f3ria e S\u00e3o Mateus do Sul. Com os tr\u00e2mites burocr\u00e1ticos vencidos, a obra deve come\u00e7ar nas pr\u00f3ximas semanas. A empresa vencedora da licita\u00e7\u00e3o, a Ethos Engenharia de Infraestrutura, [&hellip;]<\/p>\n","protected":false},"author":2,"featured_media":32995,"comment_status":"open","ping_status":"open","sticky":false,"template":"","format":"standard","meta":{"footnotes":""},"categories":[185],"tags":[172],"class_list":["post-32994","post","type-post","status-publish","format-standard","has-post-thumbnail","hentry","category-regional","tag-featured"],"amp_enabled":true,"_links":{"self":[{"href":"https:\/\/radiostudiow.com.br\/site\/wp-json\/wp\/v2\/posts\/32994","targetHints":{"allow":["GET"]}}],"collection":[{"href":"https:\/\/radiostudiow.com.br\/site\/wp-json\/wp\/v2\/posts"}],"about":[{"href":"https:\/\/radiostudiow.com.br\/site\/wp-json\/wp\/v2\/types\/post"}],"author":[{"embeddable":true,"href":"https:\/\/radiostudiow.com.br\/site\/wp-json\/wp\/v2\/users\/2"}],"replies":[{"embeddable":true,"href":"https:\/\/radiostudiow.com.br\/site\/wp-json\/wp\/v2\/comments?post=32994"}],"version-history":[{"count":1,"href":"https:\/\/radiostudiow.com.br\/site\/wp-json\/wp\/v2\/posts\/32994\/revisions"}],"predecessor-version":[{"id":32996,"href":"https:\/\/radiostudiow.com.br\/site\/wp-json\/wp\/v2\/posts\/32994\/revisions\/32996"}],"wp:featuredmedia":[{"embeddable":true,"href":"https:\/\/radiostudiow.com.br\/site\/wp-json\/wp\/v2\/media\/32995"}],"wp:attachment":[{"href":"https:\/\/radiostudiow.com.br\/site\/wp-json\/wp\/v2\/media?parent=32994"}],"wp:term":[{"taxonomy":"category","embeddable":true,"href":"https:\/\/radiostudiow.com.br\/site\/wp-json\/wp\/v2\/categories?post=32994"},{"taxonomy":"post_tag","embeddable":true,"href":"https:\/\/radiostudiow.com.br\/site\/wp-json\/wp\/v2\/tags?post=32994"}],"curies":[{"name":"wp","href":"https:\/\/api.w.org\/{rel}","templated":true}]}}