{"id":32999,"date":"2025-01-15T11:41:56","date_gmt":"2025-01-15T14:41:56","guid":{"rendered":"https:\/\/radiostudiow.com.br\/site\/?p=32999"},"modified":"2025-01-31T14:55:37","modified_gmt":"2025-01-31T17:55:37","slug":"mulher-aciona-policia-apos-suspeitar-que-ex-convivente-invadiu-seu-apartamento-e-levou-seu-veiculo-sem-permissao-em-uniao-da-vitoria","status":"publish","type":"post","link":"https:\/\/radiostudiow.com.br\/site\/2025\/01\/15\/mulher-aciona-policia-apos-suspeitar-que-ex-convivente-invadiu-seu-apartamento-e-levou-seu-veiculo-sem-permissao-em-uniao-da-vitoria\/","title":{"rendered":"Mulher aciona pol\u00edcia ap\u00f3s suspeitar que ex-convivente invadiu seu apartamento e levou seu ve\u00edculo sem permiss\u00e3o em Uni\u00e3o da Vit\u00f3ria"},"content":{"rendered":"\n<p>A equipe da Pol\u00edcia Militar de Uni\u00e3o da Vit\u00f3ria foi acionada para verificar uma situa\u00e7\u00e3o de dano, onde o ex-convivente teria invadido e danificado o apartamento da solicitante. O caso ocorreu no bairro S\u00e3o Bernardo por volta das 18:44 horas dessa ter\u00e7a-feira (14).<\/p>\n\n\n\n<figure class=\"wp-block-image size-full\"><img loading=\"lazy\" decoding=\"async\" width=\"598\" height=\"204\" src=\"https:\/\/radiostudiow.com.br\/site\/wp-content\/uploads\/2025\/01\/SITE-MEDIO2.png\" alt=\"\" class=\"wp-image-32844\" srcset=\"https:\/\/radiostudiow.com.br\/site\/wp-content\/uploads\/2025\/01\/SITE-MEDIO2.png 598w, https:\/\/radiostudiow.com.br\/site\/wp-content\/uploads\/2025\/01\/SITE-MEDIO2-300x102.png 300w\" sizes=\"auto, (max-width: 598px) 100vw, 598px\" \/><\/figure>\n\n\n\n<p>No local a equipe conversou com a v\u00edtima, a qual relatou que saiu do apartamento e ao retornar no final da tarde o encontrou tudo revirado, portas dos quartos arrombadas. Relata que suspeita de o autor ter sido seu ex-convivente pois o homem teria a chave da porta externa e a mesma n\u00e3o estava arrombada.<\/p>\n\n\n\n<p>A solicitante ainda afirmou que seu ex-convivente teria se apropriado de um ve\u00edculo VW\/Santana de sua propriedade sem a sua permiss\u00e3o.<\/p>\n\n\n\n<p>Diante da situa\u00e7\u00e3o a v\u00edtima foi orientada pela equipe policial sobre os procedimentos cab\u00edveis.<\/p>\n","protected":false},"excerpt":{"rendered":"<p>A equipe da Pol\u00edcia Militar de Uni\u00e3o da Vit\u00f3ria foi acionada para verificar uma situa\u00e7\u00e3o de dano, onde o ex-convivente teria invadido e danificado o apartamento da solicitante. O caso ocorreu no bairro S\u00e3o Bernardo por volta das 18:44 horas dessa ter\u00e7a-feira (14). No local a equipe conversou com a v\u00edtima, a qual relatou que [&hellip;]<\/p>\n","protected":false},"author":2,"featured_media":33000,"comment_status":"open","ping_status":"open","sticky":false,"template":"","format":"standard","meta":{"footnotes":""},"categories":[2],"tags":[172],"class_list":["post-32999","post","type-post","status-publish","format-standard","has-post-thumbnail","hentry","category-policial","tag-featured"],"amp_enabled":true,"_links":{"self":[{"href":"https:\/\/radiostudiow.com.br\/site\/wp-json\/wp\/v2\/posts\/32999","targetHints":{"allow":["GET"]}}],"collection":[{"href":"https:\/\/radiostudiow.com.br\/site\/wp-json\/wp\/v2\/posts"}],"about":[{"href":"https:\/\/radiostudiow.com.br\/site\/wp-json\/wp\/v2\/types\/post"}],"author":[{"embeddable":true,"href":"https:\/\/radiostudiow.com.br\/site\/wp-json\/wp\/v2\/users\/2"}],"replies":[{"embeddable":true,"href":"https:\/\/radiostudiow.com.br\/site\/wp-json\/wp\/v2\/comments?post=32999"}],"version-history":[{"count":1,"href":"https:\/\/radiostudiow.com.br\/site\/wp-json\/wp\/v2\/posts\/32999\/revisions"}],"predecessor-version":[{"id":33001,"href":"https:\/\/radiostudiow.com.br\/site\/wp-json\/wp\/v2\/posts\/32999\/revisions\/33001"}],"wp:featuredmedia":[{"embeddable":true,"href":"https:\/\/radiostudiow.com.br\/site\/wp-json\/wp\/v2\/media\/33000"}],"wp:attachment":[{"href":"https:\/\/radiostudiow.com.br\/site\/wp-json\/wp\/v2\/media?parent=32999"}],"wp:term":[{"taxonomy":"category","embeddable":true,"href":"https:\/\/radiostudiow.com.br\/site\/wp-json\/wp\/v2\/categories?post=32999"},{"taxonomy":"post_tag","embeddable":true,"href":"https:\/\/radiostudiow.com.br\/site\/wp-json\/wp\/v2\/tags?post=32999"}],"curies":[{"name":"wp","href":"https:\/\/api.w.org\/{rel}","templated":true}]}}