{"id":33003,"date":"2025-01-15T12:03:23","date_gmt":"2025-01-15T15:03:23","guid":{"rendered":"https:\/\/radiostudiow.com.br\/site\/?p=33003"},"modified":"2025-01-15T12:03:23","modified_gmt":"2025-01-15T15:03:23","slug":"policia-militar-localiza-planta-de-maconha-em-terreno-baldio-em-reboucas","status":"publish","type":"post","link":"https:\/\/radiostudiow.com.br\/site\/2025\/01\/15\/policia-militar-localiza-planta-de-maconha-em-terreno-baldio-em-reboucas\/","title":{"rendered":"Pol\u00edcia Militar localiza planta de maconha em terreno baldio em Rebou\u00e7as"},"content":{"rendered":"\n<p>A equipe da Pol\u00edcia Militar de Rebou\u00e7as recebeu uma den\u00fancia an\u00f4nima informando sobre a presen\u00e7a de um p\u00e9 de maconha em um terreno baldio, localizado na Vila Feliz por volta das 14:45 horas dessa ter\u00e7a-feira (14), a planta estaria escondida em meio ao matagal da \u00e1rea.<\/p>\n\n\n\n<figure class=\"wp-block-image size-full\"><img loading=\"lazy\" decoding=\"async\" width=\"598\" height=\"204\" src=\"https:\/\/radiostudiow.com.br\/site\/wp-content\/uploads\/2025\/01\/SITE-MEDIO7.png\" alt=\"\" class=\"wp-image-32801\" srcset=\"https:\/\/radiostudiow.com.br\/site\/wp-content\/uploads\/2025\/01\/SITE-MEDIO7.png 598w, https:\/\/radiostudiow.com.br\/site\/wp-content\/uploads\/2025\/01\/SITE-MEDIO7-300x102.png 300w\" sizes=\"auto, (max-width: 598px) 100vw, 598px\" \/><\/figure>\n\n\n\n<p>Imediatamente, uma equipe policial se deslocou at\u00e9 o local indicado para realizar a verifica\u00e7\u00e3o. Ap\u00f3s uma inspe\u00e7\u00e3o cuidadosa, os agentes localizaram uma planta com cerca de 1,5 metros de altura, com caracter\u00edsticas t\u00edpicas de Cannabis sativa, a esp\u00e9cie que d\u00e1 origem \u00e0 maconha.<\/p>\n\n\n\n<p>Diante da constata\u00e7\u00e3o, a planta foi cuidadosamente retirada e levada at\u00e9 a Delegacia de Pol\u00edcia Civil de Rebou\u00e7as, onde foi registrada a ocorr\u00eancia. A partir de agora, a Pol\u00edcia Civil dar\u00e1 continuidade \u00e0s investiga\u00e7\u00f5es, com o intuito de identificar os respons\u00e1veis pelo cultivo da planta e apurar poss\u00edveis envolvimentos com o tr\u00e1fico de drogas.<\/p>\n\n\n\n<figure class=\"wp-block-image size-full\"><img loading=\"lazy\" decoding=\"async\" width=\"897\" height=\"204\" src=\"https:\/\/radiostudiow.com.br\/site\/wp-content\/uploads\/2025\/01\/SITE-GRANDE6.png\" alt=\"\" class=\"wp-image-32870\" srcset=\"https:\/\/radiostudiow.com.br\/site\/wp-content\/uploads\/2025\/01\/SITE-GRANDE6.png 897w, https:\/\/radiostudiow.com.br\/site\/wp-content\/uploads\/2025\/01\/SITE-GRANDE6-300x68.png 300w, https:\/\/radiostudiow.com.br\/site\/wp-content\/uploads\/2025\/01\/SITE-GRANDE6-768x175.png 768w\" sizes=\"auto, (max-width: 897px) 100vw, 897px\" \/><\/figure>\n\n\n\n<p><em>Com informa\u00e7\u00f5es da Pol\u00edcia Militar.<\/em><\/p>\n\n\n\n<p>O trabalho conjunto entre a popula\u00e7\u00e3o e as for\u00e7as de seguran\u00e7a tem sido essencial para o combate ao crime na regi\u00e3o, e a Pol\u00edcia Militar refor\u00e7a a import\u00e2ncia de den\u00fancias an\u00f4nimas para ajudar na manuten\u00e7\u00e3o da ordem e seguran\u00e7a local.<a href=\"https:\/\/api.whatsapp.com\/send?text=Pol%C3%ADcia%20de%20Rebou%C3%A7as%20localiza%20planta%20de%20maconha%20em%20terreno%20baldio%20-%20https:\/\/alvoradanoar.com.br\/noticia\/686330\" target=\"_blank\" rel=\"noreferrer noopener\"><\/a><\/p>\n","protected":false},"excerpt":{"rendered":"<p>A equipe da Pol\u00edcia Militar de Rebou\u00e7as recebeu uma den\u00fancia an\u00f4nima informando sobre a presen\u00e7a de um p\u00e9 de maconha em um terreno baldio, localizado na Vila Feliz por volta das 14:45 horas dessa ter\u00e7a-feira (14), a planta estaria escondida em meio ao matagal da \u00e1rea. Imediatamente, uma equipe policial se deslocou at\u00e9 o local [&hellip;]<\/p>\n","protected":false},"author":2,"featured_media":33004,"comment_status":"open","ping_status":"open","sticky":false,"template":"","format":"standard","meta":{"footnotes":""},"categories":[2],"tags":[172],"class_list":["post-33003","post","type-post","status-publish","format-standard","has-post-thumbnail","hentry","category-policial","tag-featured"],"amp_enabled":true,"_links":{"self":[{"href":"https:\/\/radiostudiow.com.br\/site\/wp-json\/wp\/v2\/posts\/33003","targetHints":{"allow":["GET"]}}],"collection":[{"href":"https:\/\/radiostudiow.com.br\/site\/wp-json\/wp\/v2\/posts"}],"about":[{"href":"https:\/\/radiostudiow.com.br\/site\/wp-json\/wp\/v2\/types\/post"}],"author":[{"embeddable":true,"href":"https:\/\/radiostudiow.com.br\/site\/wp-json\/wp\/v2\/users\/2"}],"replies":[{"embeddable":true,"href":"https:\/\/radiostudiow.com.br\/site\/wp-json\/wp\/v2\/comments?post=33003"}],"version-history":[{"count":1,"href":"https:\/\/radiostudiow.com.br\/site\/wp-json\/wp\/v2\/posts\/33003\/revisions"}],"predecessor-version":[{"id":33005,"href":"https:\/\/radiostudiow.com.br\/site\/wp-json\/wp\/v2\/posts\/33003\/revisions\/33005"}],"wp:featuredmedia":[{"embeddable":true,"href":"https:\/\/radiostudiow.com.br\/site\/wp-json\/wp\/v2\/media\/33004"}],"wp:attachment":[{"href":"https:\/\/radiostudiow.com.br\/site\/wp-json\/wp\/v2\/media?parent=33003"}],"wp:term":[{"taxonomy":"category","embeddable":true,"href":"https:\/\/radiostudiow.com.br\/site\/wp-json\/wp\/v2\/categories?post=33003"},{"taxonomy":"post_tag","embeddable":true,"href":"https:\/\/radiostudiow.com.br\/site\/wp-json\/wp\/v2\/tags?post=33003"}],"curies":[{"name":"wp","href":"https:\/\/api.w.org\/{rel}","templated":true}]}}