{"id":33006,"date":"2025-01-15T12:13:25","date_gmt":"2025-01-15T15:13:25","guid":{"rendered":"https:\/\/radiostudiow.com.br\/site\/?p=33006"},"modified":"2025-01-15T12:13:25","modified_gmt":"2025-01-15T15:13:25","slug":"pcpr-alerta-saquear-cargas-de-caminhoes-acidentados-nas-estradas-e-crime","status":"publish","type":"post","link":"https:\/\/radiostudiow.com.br\/site\/2025\/01\/15\/pcpr-alerta-saquear-cargas-de-caminhoes-acidentados-nas-estradas-e-crime\/","title":{"rendered":"PCPR alerta: saquear cargas de caminh\u00f5es acidentados nas estradas \u00e9 crime"},"content":{"rendered":"\n<p>Com o aumento de movimento nas estradas por causa da temporada de ver\u00e3o, casos de saques de cargas de caminh\u00f5es acidentados s\u00e3o frequentemente registrados ao longo das rodovias. A Pol\u00edcia Civil do Paran\u00e1 (PCPR) alerta, no entanto, que a pr\u00e1tica \u00e9 criminosa e pode resultar em pris\u00e3o e multa aos envolvidos.<\/p>\n\n\n\n<p>N\u00e3o importa se os produtos est\u00e3o espalhados na pista ou se o caminh\u00e3o foi abandonado pelo motorista. Mesmo nestas circunst\u00e2ncias, a conduta \u00e9 equivalente ao crime de furto, que tem pena de um a quatro anos de reclus\u00e3o. Se ele for cometido por um grupo, ele pode ser considerado um furto qualificado, com pena de at\u00e9 oito anos de pris\u00e3o.<\/p>\n\n\n\n<figure class=\"wp-block-image size-full\"><img loading=\"lazy\" decoding=\"async\" width=\"598\" height=\"204\" src=\"https:\/\/radiostudiow.com.br\/site\/wp-content\/uploads\/2025\/01\/SITE-MEDIO3.png\" alt=\"\" class=\"wp-image-32815\" srcset=\"https:\/\/radiostudiow.com.br\/site\/wp-content\/uploads\/2025\/01\/SITE-MEDIO3.png 598w, https:\/\/radiostudiow.com.br\/site\/wp-content\/uploads\/2025\/01\/SITE-MEDIO3-300x102.png 300w\" sizes=\"auto, (max-width: 598px) 100vw, 598px\" \/><\/figure>\n\n\n\n<p><strong><em>\u201c\u00c9 um crime porque a pessoa est\u00e1 subtraindo um objeto que est\u00e1 ali, mesmo que momentaneamente, e n\u00e3o \u00e9 dela, prejudicando outra pessoa ou empresa. \u00c9, portanto, um furto\u201d, <\/em><\/strong><em>afirmou o delegado Andr\u00e9 Feltes, da Delegacia de Furtos e Roubos de Cargas da PCPR.<\/em><\/p>\n\n\n\n<p><strong>INVESTIGA\u00c7\u00c3O&nbsp;<\/strong>\u2013 Todos os casos de saques s\u00e3o investigados pela Pol\u00edcia Civil e podem se transformar em inqu\u00e9ritos policiais. Mesmo que o saque aconte\u00e7a em um local distante e as for\u00e7as de seguran\u00e7a n\u00e3o cheguem ao local a tempo de coibir o saque, os envolvidos podem ser responsabilizados, j\u00e1 que a investiga\u00e7\u00e3o leva em conta tamb\u00e9m den\u00fancias, depoimentos de testemunhas e imagens de redes sociais.<\/p>\n\n\n\n<p>\u00c9 o que est\u00e1 acontecendo em rela\u00e7\u00e3o a um saque de cinco toneladas de carnes que estavam em um caminh\u00e3o que se acidentou na regi\u00e3o de Realeza, no Sudoeste do Paran\u00e1. Equipes da PCPR est\u00e3o levantando as placas dos ve\u00edculos que foram vistos no local para, na sequ\u00eancia, identificar os autores<\/p>\n\n\n\n<p><strong>OUTROS CRIMES&nbsp;<\/strong>\u2013 Nos casos de saques, as investiga\u00e7\u00f5es tamb\u00e9m podem identificar outros crimes, at\u00e9 mais graves, com penas mais duras. \u00c9 o caso para as situa\u00e7\u00f5es em que o ve\u00edculo \u00e9 danificado para que as pessoas tenham acesso \u00e0 carga. Neste caos, o crime pode ser enquadrado como roubo, cuja pena \u00e9 de quatro a dez anos de reclus\u00e3o.<\/p>\n\n\n\n<figure class=\"wp-block-image size-full\"><img loading=\"lazy\" decoding=\"async\" width=\"300\" height=\"180\" src=\"https:\/\/radiostudiow.com.br\/site\/wp-content\/uploads\/2025\/01\/SITE-PEQUENO2.png\" alt=\"\" class=\"wp-image-32894\"\/><\/figure>\n\n\n\n<p>Durante os saques, outros crimes ainda s\u00e3o cometidos com frequ\u00eancia, como a omiss\u00e3o de socorro \u00e0s v\u00edtimas, que pode resultar em pena de deten\u00e7\u00e3o de um a seis meses. \u201cNestes casos, os saqueadores podem agravar a situa\u00e7\u00e3o, dificultando o acesso das equipes de resgate ao local do acidente ou at\u00e9 provocando novos acidentes, devido \u00e0 movimenta\u00e7\u00e3o de pessoas na pista\u201d, disse o delegado.<\/p>\n\n\n\n<p>Tamb\u00e9m \u00e9 crime comprar os produtos saqueados. Neste caso, a conduta \u00e9 tipificada como recepta\u00e7\u00e3o, que tamb\u00e9m prev\u00ea pena de um a quatro anos de pris\u00e3o.<\/p>\n\n\n\n<p><strong>COMO AJUDAR<\/strong>&nbsp;\u2013<strong>&nbsp;<\/strong>Para as pessoas que presenciam ou se envolvem em um acidente com carga, a recomenda\u00e7\u00e3o \u00e9 de que se acionem imediatamente a pol\u00edcia e equipes de resgate. A prioridade, nestes casos, sempre deve ser socorrer as eventuais v\u00edtimas dos acidentes.<\/p>\n\n\n\n<p>Em rela\u00e7\u00e3o \u00e0s cargas, as testemunhas tamb\u00e9m podem fotografar ou filmar caso outras pessoas se aproveitem da situa\u00e7\u00e3o para saque\u00e1-las. Informa\u00e7\u00f5es como placas de ve\u00edculos dos saqueadores ou den\u00fancias sobre os locais em que eles se escondem ap\u00f3s o crime tamb\u00e9m ajudam as investiga\u00e7\u00f5es.<\/p>\n\n\n\n<figure class=\"wp-block-image size-full\"><img loading=\"lazy\" decoding=\"async\" width=\"897\" height=\"204\" src=\"https:\/\/radiostudiow.com.br\/site\/wp-content\/uploads\/2025\/01\/SITE-GRANDE6.png\" alt=\"\" class=\"wp-image-32870\" srcset=\"https:\/\/radiostudiow.com.br\/site\/wp-content\/uploads\/2025\/01\/SITE-GRANDE6.png 897w, https:\/\/radiostudiow.com.br\/site\/wp-content\/uploads\/2025\/01\/SITE-GRANDE6-300x68.png 300w, https:\/\/radiostudiow.com.br\/site\/wp-content\/uploads\/2025\/01\/SITE-GRANDE6-768x175.png 768w\" sizes=\"auto, (max-width: 897px) 100vw, 897px\" \/><\/figure>\n\n\n\n<p>Para quem se envolve em um acidente em que h\u00e1 saque de cargas \u00e9 recomend\u00e1vel registrar Boletim de Ocorr\u00eancia detalhando todos os fatos. O mesmo deve ser feito pela pessoa que compra um produto e suspeita que ele foi saqueado. Estas informa\u00e7\u00f5es podem ajudar na investiga\u00e7\u00e3o que ser\u00e1 aberta pela Pol\u00edcia Civil.<\/p>\n\n\n\n<p>No momento dos acidentes ou dos saques, a Pol\u00edcia Militar pode ser acionada pelo telefone 190. Para chamar a Pol\u00edcia Rodovi\u00e1ria Estatual, o telefone \u00e9 192. Nas rodovias federais, a Pol\u00edcia Rodovi\u00e1ria Federal deve ser chamada pelo telefone 191. Quando h\u00e1 v\u00edtimas, o Siate deve ser acionado pelo 193.<\/p>\n\n\n\n<p>Pessoas que t\u00eam informa\u00e7\u00f5es sobre saques ou outros crimes ainda podem fazer den\u00fancias pelo 181. N\u00e3o \u00e9 preciso se identificar para realizar uma den\u00fancia e os dados ficam mantidos sob sigilo.<\/p>\n","protected":false},"excerpt":{"rendered":"<p>Com o aumento de movimento nas estradas por causa da temporada de ver\u00e3o, casos de saques de cargas de caminh\u00f5es acidentados s\u00e3o frequentemente registrados ao longo das rodovias. A Pol\u00edcia Civil do Paran\u00e1 (PCPR) alerta, no entanto, que a pr\u00e1tica \u00e9 criminosa e pode resultar em pris\u00e3o e multa aos envolvidos. N\u00e3o importa se os [&hellip;]<\/p>\n","protected":false},"author":2,"featured_media":33007,"comment_status":"open","ping_status":"open","sticky":false,"template":"","format":"standard","meta":{"footnotes":""},"categories":[2],"tags":[172],"class_list":["post-33006","post","type-post","status-publish","format-standard","has-post-thumbnail","hentry","category-policial","tag-featured"],"amp_enabled":true,"_links":{"self":[{"href":"https:\/\/radiostudiow.com.br\/site\/wp-json\/wp\/v2\/posts\/33006","targetHints":{"allow":["GET"]}}],"collection":[{"href":"https:\/\/radiostudiow.com.br\/site\/wp-json\/wp\/v2\/posts"}],"about":[{"href":"https:\/\/radiostudiow.com.br\/site\/wp-json\/wp\/v2\/types\/post"}],"author":[{"embeddable":true,"href":"https:\/\/radiostudiow.com.br\/site\/wp-json\/wp\/v2\/users\/2"}],"replies":[{"embeddable":true,"href":"https:\/\/radiostudiow.com.br\/site\/wp-json\/wp\/v2\/comments?post=33006"}],"version-history":[{"count":1,"href":"https:\/\/radiostudiow.com.br\/site\/wp-json\/wp\/v2\/posts\/33006\/revisions"}],"predecessor-version":[{"id":33008,"href":"https:\/\/radiostudiow.com.br\/site\/wp-json\/wp\/v2\/posts\/33006\/revisions\/33008"}],"wp:featuredmedia":[{"embeddable":true,"href":"https:\/\/radiostudiow.com.br\/site\/wp-json\/wp\/v2\/media\/33007"}],"wp:attachment":[{"href":"https:\/\/radiostudiow.com.br\/site\/wp-json\/wp\/v2\/media?parent=33006"}],"wp:term":[{"taxonomy":"category","embeddable":true,"href":"https:\/\/radiostudiow.com.br\/site\/wp-json\/wp\/v2\/categories?post=33006"},{"taxonomy":"post_tag","embeddable":true,"href":"https:\/\/radiostudiow.com.br\/site\/wp-json\/wp\/v2\/tags?post=33006"}],"curies":[{"name":"wp","href":"https:\/\/api.w.org\/{rel}","templated":true}]}}