{"id":33009,"date":"2025-01-15T12:15:11","date_gmt":"2025-01-15T15:15:11","guid":{"rendered":"https:\/\/radiostudiow.com.br\/site\/?p=33009"},"modified":"2025-01-15T12:15:12","modified_gmt":"2025-01-15T15:15:12","slug":"rodovia-do-xisto-esta-bloqueada-na-regiao-de-contenda-apos-acidente-na-manha-desta-quarta-15","status":"publish","type":"post","link":"https:\/\/radiostudiow.com.br\/site\/2025\/01\/15\/rodovia-do-xisto-esta-bloqueada-na-regiao-de-contenda-apos-acidente-na-manha-desta-quarta-15\/","title":{"rendered":"Rodovia do Xisto est\u00e1 bloqueada na regi\u00e3o de Contenda ap\u00f3s acidente na manh\u00e3 desta quarta (15)"},"content":{"rendered":"\n<p>A Via Arauc\u00e1ria, concession\u00e1ria respons\u00e1vel pela BR-476, informou na manh\u00e3 desta quarta-feira (15) a interdi\u00e7\u00e3o total do quil\u00f4metro 179 da rodovia, no munic\u00edpio de Contenda, regi\u00e3o metropolitana de Curitiba. A medida foi tomada ap\u00f3s um grave acidente envolvendo dois caminh\u00f5es.<\/p>\n\n\n\n<figure class=\"wp-block-image size-full\"><img loading=\"lazy\" decoding=\"async\" width=\"897\" height=\"204\" src=\"https:\/\/radiostudiow.com.br\/site\/wp-content\/uploads\/2025\/01\/SITE-GRANDE3.png\" alt=\"\" class=\"wp-image-32900\" srcset=\"https:\/\/radiostudiow.com.br\/site\/wp-content\/uploads\/2025\/01\/SITE-GRANDE3.png 897w, https:\/\/radiostudiow.com.br\/site\/wp-content\/uploads\/2025\/01\/SITE-GRANDE3-300x68.png 300w, https:\/\/radiostudiow.com.br\/site\/wp-content\/uploads\/2025\/01\/SITE-GRANDE3-768x175.png 768w\" sizes=\"auto, (max-width: 897px) 100vw, 897px\" \/><\/figure>\n\n\n\n<p>De acordo com informa\u00e7\u00f5es preliminares, um dos ve\u00edculos transportava chapas de compensado, que ficaram espalhadas pela pista, inviabilizando o tr\u00e2nsito no local. Ainda n\u00e3o h\u00e1 detalhes sobre o estado de sa\u00fade das v\u00edtimas envolvidas no sinistro.<\/p>\n\n\n\n<p>Equipes de resgate e da concession\u00e1ria est\u00e3o no local para atender a ocorr\u00eancia e realizar a limpeza da rodovia. Motoristas que trafegam pela regi\u00e3o devem redobrar a aten\u00e7\u00e3o e buscar rotas alternativas at\u00e9 que a situa\u00e7\u00e3o seja normalizada.<\/p>\n\n\n\n<p>A Via Arauc\u00e1ria refor\u00e7a que novas atualiza\u00e7\u00f5es ser\u00e3o divulgadas assim que houver mais informa\u00e7\u00f5es sobre o caso.<\/p>\n","protected":false},"excerpt":{"rendered":"<p>A Via Arauc\u00e1ria, concession\u00e1ria respons\u00e1vel pela BR-476, informou na manh\u00e3 desta quarta-feira (15) a interdi\u00e7\u00e3o total do quil\u00f4metro 179 da rodovia, no munic\u00edpio de Contenda, regi\u00e3o metropolitana de Curitiba. A medida foi tomada ap\u00f3s um grave acidente envolvendo dois caminh\u00f5es. De acordo com informa\u00e7\u00f5es preliminares, um dos ve\u00edculos transportava chapas de compensado, que ficaram espalhadas [&hellip;]<\/p>\n","protected":false},"author":2,"featured_media":33010,"comment_status":"open","ping_status":"open","sticky":false,"template":"","format":"standard","meta":{"footnotes":""},"categories":[7],"tags":[],"class_list":["post-33009","post","type-post","status-publish","format-standard","has-post-thumbnail","hentry","category-geral"],"amp_enabled":true,"_links":{"self":[{"href":"https:\/\/radiostudiow.com.br\/site\/wp-json\/wp\/v2\/posts\/33009","targetHints":{"allow":["GET"]}}],"collection":[{"href":"https:\/\/radiostudiow.com.br\/site\/wp-json\/wp\/v2\/posts"}],"about":[{"href":"https:\/\/radiostudiow.com.br\/site\/wp-json\/wp\/v2\/types\/post"}],"author":[{"embeddable":true,"href":"https:\/\/radiostudiow.com.br\/site\/wp-json\/wp\/v2\/users\/2"}],"replies":[{"embeddable":true,"href":"https:\/\/radiostudiow.com.br\/site\/wp-json\/wp\/v2\/comments?post=33009"}],"version-history":[{"count":1,"href":"https:\/\/radiostudiow.com.br\/site\/wp-json\/wp\/v2\/posts\/33009\/revisions"}],"predecessor-version":[{"id":33011,"href":"https:\/\/radiostudiow.com.br\/site\/wp-json\/wp\/v2\/posts\/33009\/revisions\/33011"}],"wp:featuredmedia":[{"embeddable":true,"href":"https:\/\/radiostudiow.com.br\/site\/wp-json\/wp\/v2\/media\/33010"}],"wp:attachment":[{"href":"https:\/\/radiostudiow.com.br\/site\/wp-json\/wp\/v2\/media?parent=33009"}],"wp:term":[{"taxonomy":"category","embeddable":true,"href":"https:\/\/radiostudiow.com.br\/site\/wp-json\/wp\/v2\/categories?post=33009"},{"taxonomy":"post_tag","embeddable":true,"href":"https:\/\/radiostudiow.com.br\/site\/wp-json\/wp\/v2\/tags?post=33009"}],"curies":[{"name":"wp","href":"https:\/\/api.w.org\/{rel}","templated":true}]}}