{"id":33012,"date":"2025-01-15T12:17:42","date_gmt":"2025-01-15T15:17:42","guid":{"rendered":"https:\/\/radiostudiow.com.br\/site\/?p=33012"},"modified":"2025-01-15T12:17:43","modified_gmt":"2025-01-15T15:17:43","slug":"suspeita-pela-morte-da-irma-em-mafra-sera-internada-provisoriamente","status":"publish","type":"post","link":"https:\/\/radiostudiow.com.br\/site\/2025\/01\/15\/suspeita-pela-morte-da-irma-em-mafra-sera-internada-provisoriamente\/","title":{"rendered":"Suspeita pela morte da irm\u00e3 em Mafra ser\u00e1 internada provisoriamente"},"content":{"rendered":"\n<p>A jovem de 22 anos, principal suspeita da morte da irm\u00e3, de 4 anos, em Mafra, teve pris\u00e3o em flagrante substitu\u00edda por medida cautelar de interna\u00e7\u00e3o provis\u00f3ria.<\/p>\n\n\n\n<p>A decis\u00e3o \u00e9 do Tribunal de Justi\u00e7a de Santa Catarina (TJSC), durante audi\u00eancia de cust\u00f3dia da jovem, realizada no in\u00edcio da tarde desta ter\u00e7a-feira (14), no F\u00f3rum da Comarca de Mafra.<\/p>\n\n\n\n<figure class=\"wp-block-image size-full\"><img loading=\"lazy\" decoding=\"async\" width=\"300\" height=\"180\" src=\"https:\/\/radiostudiow.com.br\/site\/wp-content\/uploads\/2025\/01\/SITE-PEQUENO.png\" alt=\"\" class=\"wp-image-32833\"\/><\/figure>\n\n\n\n<p>De acordo com a assessoria do TJSC, a medida vai durar at\u00e9 que um novo parecer m\u00e9dico comprove que a mulher presa deixou de oferecer risco.<\/p>\n\n\n\n<p>Ainda, segundo o TJSC, n\u00e3o \u00e9 poss\u00edvel informar o local para onde a jovem foi encaminhada, j\u00e1 que \u00e9 de compet\u00eancia do Departamento de Administra\u00e7\u00e3o Prisional (Deap).<\/p>\n\n\n\n<figure class=\"wp-block-image size-full\"><img loading=\"lazy\" decoding=\"async\" width=\"897\" height=\"204\" src=\"https:\/\/radiostudiow.com.br\/site\/wp-content\/uploads\/2025\/01\/SITE-GRANDE6.png\" alt=\"\" class=\"wp-image-32870\" srcset=\"https:\/\/radiostudiow.com.br\/site\/wp-content\/uploads\/2025\/01\/SITE-GRANDE6.png 897w, https:\/\/radiostudiow.com.br\/site\/wp-content\/uploads\/2025\/01\/SITE-GRANDE6-300x68.png 300w, https:\/\/radiostudiow.com.br\/site\/wp-content\/uploads\/2025\/01\/SITE-GRANDE6-768x175.png 768w\" sizes=\"auto, (max-width: 897px) 100vw, 897px\" \/><\/figure>\n\n\n\n<p>O TJSC tamb\u00e9m informou que o processo tramita em segredo de Justi\u00e7a. Segundo divulgado, a menina possui um quadro de esquizofrenia.<\/p>\n\n\n\n<p><em>Com informa\u00e7\u00f5es JMais e RioMafraMix<\/em><\/p>\n\n\n\n<figure class=\"wp-block-embed is-type-wp-embed is-provider-studio-w wp-block-embed-studio-w\"><div class=\"wp-block-embed__wrapper\">\n<blockquote class=\"wp-embedded-content\" data-secret=\"u8Jk1zNwFH\"><a href=\"https:\/\/radiostudiow.com.br\/site\/2025\/01\/14\/menina-de-quatro-anos-e-morta-pela-propria-irma-em-mafra-sc\/\">Menina de quatro anos \u00e9 morta pela pr\u00f3pria irm\u00e3 em Mafra-SC<\/a><\/blockquote><iframe loading=\"lazy\" class=\"wp-embedded-content\" sandbox=\"allow-scripts\" security=\"restricted\" style=\"position: absolute; visibility: hidden;\" title=\"&#8220;Menina de quatro anos \u00e9 morta pela pr\u00f3pria irm\u00e3 em Mafra-SC&#8221; &#8212; Studio W\" src=\"https:\/\/radiostudiow.com.br\/site\/2025\/01\/14\/menina-de-quatro-anos-e-morta-pela-propria-irma-em-mafra-sc\/embed\/#?secret=P0ji2IxL0x#?secret=u8Jk1zNwFH\" data-secret=\"u8Jk1zNwFH\" width=\"600\" height=\"338\" frameborder=\"0\" marginwidth=\"0\" marginheight=\"0\" scrolling=\"no\"><\/iframe>\n<\/div><\/figure>\n","protected":false},"excerpt":{"rendered":"<p>A jovem de 22 anos, principal suspeita da morte da irm\u00e3, de 4 anos, em Mafra, teve pris\u00e3o em flagrante substitu\u00edda por medida cautelar de interna\u00e7\u00e3o provis\u00f3ria. A decis\u00e3o \u00e9 do Tribunal de Justi\u00e7a de Santa Catarina (TJSC), durante audi\u00eancia de cust\u00f3dia da jovem, realizada no in\u00edcio da tarde desta ter\u00e7a-feira (14), no F\u00f3rum da [&hellip;]<\/p>\n","protected":false},"author":2,"featured_media":33013,"comment_status":"open","ping_status":"open","sticky":false,"template":"","format":"standard","meta":{"footnotes":""},"categories":[2],"tags":[172],"class_list":["post-33012","post","type-post","status-publish","format-standard","has-post-thumbnail","hentry","category-policial","tag-featured"],"amp_enabled":true,"_links":{"self":[{"href":"https:\/\/radiostudiow.com.br\/site\/wp-json\/wp\/v2\/posts\/33012","targetHints":{"allow":["GET"]}}],"collection":[{"href":"https:\/\/radiostudiow.com.br\/site\/wp-json\/wp\/v2\/posts"}],"about":[{"href":"https:\/\/radiostudiow.com.br\/site\/wp-json\/wp\/v2\/types\/post"}],"author":[{"embeddable":true,"href":"https:\/\/radiostudiow.com.br\/site\/wp-json\/wp\/v2\/users\/2"}],"replies":[{"embeddable":true,"href":"https:\/\/radiostudiow.com.br\/site\/wp-json\/wp\/v2\/comments?post=33012"}],"version-history":[{"count":1,"href":"https:\/\/radiostudiow.com.br\/site\/wp-json\/wp\/v2\/posts\/33012\/revisions"}],"predecessor-version":[{"id":33014,"href":"https:\/\/radiostudiow.com.br\/site\/wp-json\/wp\/v2\/posts\/33012\/revisions\/33014"}],"wp:featuredmedia":[{"embeddable":true,"href":"https:\/\/radiostudiow.com.br\/site\/wp-json\/wp\/v2\/media\/33013"}],"wp:attachment":[{"href":"https:\/\/radiostudiow.com.br\/site\/wp-json\/wp\/v2\/media?parent=33012"}],"wp:term":[{"taxonomy":"category","embeddable":true,"href":"https:\/\/radiostudiow.com.br\/site\/wp-json\/wp\/v2\/categories?post=33012"},{"taxonomy":"post_tag","embeddable":true,"href":"https:\/\/radiostudiow.com.br\/site\/wp-json\/wp\/v2\/tags?post=33012"}],"curies":[{"name":"wp","href":"https:\/\/api.w.org\/{rel}","templated":true}]}}