{"id":33018,"date":"2025-01-15T16:41:14","date_gmt":"2025-01-15T19:41:14","guid":{"rendered":"https:\/\/radiostudiow.com.br\/site\/?p=33018"},"modified":"2025-01-31T14:55:18","modified_gmt":"2025-01-31T17:55:18","slug":"crianca-e-submetida-a-reconstrucao-de-regiao-intima-apos-abuso-sexual-em-rio-azul","status":"publish","type":"post","link":"https:\/\/radiostudiow.com.br\/site\/2025\/01\/15\/crianca-e-submetida-a-reconstrucao-de-regiao-intima-apos-abuso-sexual-em-rio-azul\/","title":{"rendered":"Crian\u00e7a \u00e9 submetida a reconstru\u00e7\u00e3o de regi\u00e3o \u00edntima ap\u00f3s abuso sexual em Rio Azul"},"content":{"rendered":"\n<p>Uma menina de apenas quatro anos de idade foi v\u00edtima de viol\u00eancia sexual, em Rio Azul. A crian\u00e7a precisou ser submetida a uma reconstru\u00e7\u00e3o perineal completa e mais colostomia e est\u00e1 internada em um hospital de Ponta Grossa.<\/p>\n\n\n\n<p>O caso aconteceu na noite de domingo (12). A reconstru\u00e7\u00e3o perineal, tamb\u00e9m conhecida como perineoplastia,&nbsp;\u00e9 um procedimento cir\u00fargico que visa reparar ou reconstruir a regi\u00e3o do per\u00edneo.&nbsp;O per\u00edneo \u00e9 a regi\u00e3o que sustenta os \u00f3rg\u00e3os p\u00e9lvicos.<\/p>\n\n\n\n<figure class=\"wp-block-image size-full\"><img loading=\"lazy\" decoding=\"async\" width=\"897\" height=\"204\" src=\"https:\/\/radiostudiow.com.br\/site\/wp-content\/uploads\/2025\/01\/SITE-GRANDE2.png\" alt=\"\" class=\"wp-image-32805\" srcset=\"https:\/\/radiostudiow.com.br\/site\/wp-content\/uploads\/2025\/01\/SITE-GRANDE2.png 897w, https:\/\/radiostudiow.com.br\/site\/wp-content\/uploads\/2025\/01\/SITE-GRANDE2-300x68.png 300w, https:\/\/radiostudiow.com.br\/site\/wp-content\/uploads\/2025\/01\/SITE-GRANDE2-768x175.png 768w\" sizes=\"auto, (max-width: 897px) 100vw, 897px\" \/><\/figure>\n\n\n\n<p>Segundo informa\u00e7\u00f5es, a Pol\u00edcia Militar foi acionada por volta da 00h10, dessa segunda-feira (13), para uma ocorr\u00eancia de briga generalizada em um bar. Ao chegar no local, encontrou a m\u00e3e com a filha nos bra\u00e7os dizendo que a crian\u00e7a havia sido violentada.<\/p>\n\n\n\n<p>Testemunhas teriam relatado aos policiais que a m\u00e3e deixou a filha do lado de fora do bar, ap\u00f3s o fechamento. Nesse momento, ela teria entrado no carro de um homem, por\u00e9m, teria percebido que um casal come\u00e7ou a brincar com a crian\u00e7a. Ela ent\u00e3o desceu do ve\u00edculo e teria entrado em briga com o casal, que n\u00e3o teria sido mais visto.<\/p>\n\n\n\n<figure class=\"wp-block-image size-full\"><img loading=\"lazy\" decoding=\"async\" width=\"598\" height=\"204\" src=\"https:\/\/radiostudiow.com.br\/site\/wp-content\/uploads\/2025\/01\/SITE-MEDIO.png\" alt=\"\" class=\"wp-image-32810\" srcset=\"https:\/\/radiostudiow.com.br\/site\/wp-content\/uploads\/2025\/01\/SITE-MEDIO.png 598w, https:\/\/radiostudiow.com.br\/site\/wp-content\/uploads\/2025\/01\/SITE-MEDIO-300x102.png 300w\" sizes=\"auto, (max-width: 598px) 100vw, 598px\" \/><\/figure>\n\n\n\n<p>Um tempo depois uma testemunha ouviu choro da menina vindo de um terreno baldio e contou para a m\u00e3e, a qual encontrou a crian\u00e7a no meio do mato.<\/p>\n\n\n\n<p>Populares teriam sa\u00eddo em busca do suspeito e o encontraram saindo do mato e o levaram para o bar. Ele teria se trancado no banheiro e quando os policiais chegaram o encontraram lavando as roupas supostamente sujas de sangue.<\/p>\n\n\n\n<p>O acusado foi preso em flagrante.<\/p>\n","protected":false},"excerpt":{"rendered":"<p>Uma menina de apenas quatro anos de idade foi v\u00edtima de viol\u00eancia sexual, em Rio Azul. A crian\u00e7a precisou ser submetida a uma reconstru\u00e7\u00e3o perineal completa e mais colostomia e est\u00e1 internada em um hospital de Ponta Grossa. O caso aconteceu na noite de domingo (12). A reconstru\u00e7\u00e3o perineal, tamb\u00e9m conhecida como perineoplastia,&nbsp;\u00e9 um procedimento [&hellip;]<\/p>\n","protected":false},"author":2,"featured_media":0,"comment_status":"open","ping_status":"open","sticky":false,"template":"","format":"standard","meta":{"footnotes":""},"categories":[2],"tags":[172],"class_list":["post-33018","post","type-post","status-publish","format-standard","hentry","category-policial","tag-featured"],"amp_enabled":true,"_links":{"self":[{"href":"https:\/\/radiostudiow.com.br\/site\/wp-json\/wp\/v2\/posts\/33018","targetHints":{"allow":["GET"]}}],"collection":[{"href":"https:\/\/radiostudiow.com.br\/site\/wp-json\/wp\/v2\/posts"}],"about":[{"href":"https:\/\/radiostudiow.com.br\/site\/wp-json\/wp\/v2\/types\/post"}],"author":[{"embeddable":true,"href":"https:\/\/radiostudiow.com.br\/site\/wp-json\/wp\/v2\/users\/2"}],"replies":[{"embeddable":true,"href":"https:\/\/radiostudiow.com.br\/site\/wp-json\/wp\/v2\/comments?post=33018"}],"version-history":[{"count":1,"href":"https:\/\/radiostudiow.com.br\/site\/wp-json\/wp\/v2\/posts\/33018\/revisions"}],"predecessor-version":[{"id":33021,"href":"https:\/\/radiostudiow.com.br\/site\/wp-json\/wp\/v2\/posts\/33018\/revisions\/33021"}],"wp:attachment":[{"href":"https:\/\/radiostudiow.com.br\/site\/wp-json\/wp\/v2\/media?parent=33018"}],"wp:term":[{"taxonomy":"category","embeddable":true,"href":"https:\/\/radiostudiow.com.br\/site\/wp-json\/wp\/v2\/categories?post=33018"},{"taxonomy":"post_tag","embeddable":true,"href":"https:\/\/radiostudiow.com.br\/site\/wp-json\/wp\/v2\/tags?post=33018"}],"curies":[{"name":"wp","href":"https:\/\/api.w.org\/{rel}","templated":true}]}}