{"id":33022,"date":"2025-01-15T17:00:53","date_gmt":"2025-01-15T20:00:53","guid":{"rendered":"https:\/\/radiostudiow.com.br\/site\/?p=33022"},"modified":"2025-01-15T17:00:54","modified_gmt":"2025-01-15T20:00:54","slug":"via-araucaria-confirma-liberacao-da-br-476-na-regiao-de-contenda-apos-bloqueio-por-acidente","status":"publish","type":"post","link":"https:\/\/radiostudiow.com.br\/site\/2025\/01\/15\/via-araucaria-confirma-liberacao-da-br-476-na-regiao-de-contenda-apos-bloqueio-por-acidente\/","title":{"rendered":"Via Arauc\u00e1ria confirma libera\u00e7\u00e3o da BR-476 na regi\u00e3o de Contenda ap\u00f3s bloqueio por acidente"},"content":{"rendered":"\n<p>\u201cA Via Arauc\u00e1ria informa as pistas da BR-476, km 179, em Contenda, est\u00e3o liberadas para o tr\u00e1fego\u201d, disse a Via Arauc\u00e1ria em comunicado no X, antigo Twitter.<\/p>\n\n\n\n<figure class=\"wp-block-image size-full\"><img loading=\"lazy\" decoding=\"async\" width=\"897\" height=\"204\" src=\"https:\/\/radiostudiow.com.br\/site\/wp-content\/uploads\/2025\/01\/SITE-GRANDE5.png\" alt=\"\" class=\"wp-image-32814\" srcset=\"https:\/\/radiostudiow.com.br\/site\/wp-content\/uploads\/2025\/01\/SITE-GRANDE5.png 897w, https:\/\/radiostudiow.com.br\/site\/wp-content\/uploads\/2025\/01\/SITE-GRANDE5-300x68.png 300w, https:\/\/radiostudiow.com.br\/site\/wp-content\/uploads\/2025\/01\/SITE-GRANDE5-768x175.png 768w\" sizes=\"auto, (max-width: 897px) 100vw, 897px\" \/><\/figure>\n\n\n\n<p>O trecho estava bloqueado ap\u00f3s um acidente de tr\u00e2nsito envolvendo dois caminh\u00f5es que deixou a pista com a carga de madeira do tipo compensado na pista, impedindo a passagem de ve\u00edculos.<\/p>\n\n\n\n<p>Tr\u00e2nsito liberado no local.<\/p>\n\n\n\n<figure class=\"wp-block-embed is-type-wp-embed is-provider-studio-w wp-block-embed-studio-w\"><div class=\"wp-block-embed__wrapper\">\n<blockquote class=\"wp-embedded-content\" data-secret=\"95VJvRC5P7\"><a href=\"https:\/\/radiostudiow.com.br\/site\/2025\/01\/15\/rodovia-do-xisto-esta-bloqueada-na-regiao-de-contenda-apos-acidente-na-manha-desta-quarta-15\/\">Rodovia do Xisto est\u00e1 bloqueada na regi\u00e3o de Contenda ap\u00f3s acidente na manh\u00e3 desta quarta (15)<\/a><\/blockquote><iframe loading=\"lazy\" class=\"wp-embedded-content\" sandbox=\"allow-scripts\" security=\"restricted\" style=\"position: absolute; visibility: hidden;\" title=\"&#8220;Rodovia do Xisto est\u00e1 bloqueada na regi\u00e3o de Contenda ap\u00f3s acidente na manh\u00e3 desta quarta (15)&#8221; &#8212; Studio W\" src=\"https:\/\/radiostudiow.com.br\/site\/2025\/01\/15\/rodovia-do-xisto-esta-bloqueada-na-regiao-de-contenda-apos-acidente-na-manha-desta-quarta-15\/embed\/#?secret=ndhyyL5R80#?secret=95VJvRC5P7\" data-secret=\"95VJvRC5P7\" width=\"600\" height=\"338\" frameborder=\"0\" marginwidth=\"0\" marginheight=\"0\" scrolling=\"no\"><\/iframe>\n<\/div><\/figure>\n","protected":false},"excerpt":{"rendered":"<p>\u201cA Via Arauc\u00e1ria informa as pistas da BR-476, km 179, em Contenda, est\u00e3o liberadas para o tr\u00e1fego\u201d, disse a Via Arauc\u00e1ria em comunicado no X, antigo Twitter. O trecho estava bloqueado ap\u00f3s um acidente de tr\u00e2nsito envolvendo dois caminh\u00f5es que deixou a pista com a carga de madeira do tipo compensado na pista, impedindo a [&hellip;]<\/p>\n","protected":false},"author":2,"featured_media":33023,"comment_status":"open","ping_status":"open","sticky":false,"template":"","format":"standard","meta":{"footnotes":""},"categories":[185],"tags":[172],"class_list":["post-33022","post","type-post","status-publish","format-standard","has-post-thumbnail","hentry","category-regional","tag-featured"],"amp_enabled":true,"_links":{"self":[{"href":"https:\/\/radiostudiow.com.br\/site\/wp-json\/wp\/v2\/posts\/33022","targetHints":{"allow":["GET"]}}],"collection":[{"href":"https:\/\/radiostudiow.com.br\/site\/wp-json\/wp\/v2\/posts"}],"about":[{"href":"https:\/\/radiostudiow.com.br\/site\/wp-json\/wp\/v2\/types\/post"}],"author":[{"embeddable":true,"href":"https:\/\/radiostudiow.com.br\/site\/wp-json\/wp\/v2\/users\/2"}],"replies":[{"embeddable":true,"href":"https:\/\/radiostudiow.com.br\/site\/wp-json\/wp\/v2\/comments?post=33022"}],"version-history":[{"count":1,"href":"https:\/\/radiostudiow.com.br\/site\/wp-json\/wp\/v2\/posts\/33022\/revisions"}],"predecessor-version":[{"id":33024,"href":"https:\/\/radiostudiow.com.br\/site\/wp-json\/wp\/v2\/posts\/33022\/revisions\/33024"}],"wp:featuredmedia":[{"embeddable":true,"href":"https:\/\/radiostudiow.com.br\/site\/wp-json\/wp\/v2\/media\/33023"}],"wp:attachment":[{"href":"https:\/\/radiostudiow.com.br\/site\/wp-json\/wp\/v2\/media?parent=33022"}],"wp:term":[{"taxonomy":"category","embeddable":true,"href":"https:\/\/radiostudiow.com.br\/site\/wp-json\/wp\/v2\/categories?post=33022"},{"taxonomy":"post_tag","embeddable":true,"href":"https:\/\/radiostudiow.com.br\/site\/wp-json\/wp\/v2\/tags?post=33022"}],"curies":[{"name":"wp","href":"https:\/\/api.w.org\/{rel}","templated":true}]}}