{"id":33027,"date":"2025-01-15T17:16:54","date_gmt":"2025-01-15T20:16:54","guid":{"rendered":"https:\/\/radiostudiow.com.br\/site\/?p=33027"},"modified":"2025-01-16T09:22:59","modified_gmt":"2025-01-16T12:22:59","slug":"policia-civil-bombeiros-e-gost-atuam-em-operacao-na-vila-amaral","status":"publish","type":"post","link":"https:\/\/radiostudiow.com.br\/site\/2025\/01\/15\/policia-civil-bombeiros-e-gost-atuam-em-operacao-na-vila-amaral\/","title":{"rendered":"Pol\u00edcia Civil, Bombeiros e Gost atuam em opera\u00e7\u00e3o em S\u00e3o Mateus do Sul"},"content":{"rendered":"\n<p>Na tarde desta quarta-feira (15), equipes da Pol\u00edcia Civil, Corpo de Bombeiros e Grupo de Opera\u00e7\u00f5es de Socorro T\u00e1tico (Gost) com c\u00e3es farejadores est\u00e3o em uma opera\u00e7\u00e3o de investiga\u00e7\u00e3o na Vila Amaral.<\/p>\n\n\n\n<figure class=\"wp-block-image size-full\"><img loading=\"lazy\" decoding=\"async\" width=\"300\" height=\"180\" src=\"https:\/\/radiostudiow.com.br\/site\/wp-content\/uploads\/2025\/01\/SITE-PEQUENO3.png\" alt=\"\" class=\"wp-image-32851\"\/><\/figure>\n\n\n\n<p>A RDX esteve no local e por conta de ainda estar em andamento a opera\u00e7\u00e3o, mais detalhes ser\u00e3o divulgados em breve.<\/p>\n\n\n\n<p>A movimenta\u00e7\u00e3o das equipes de seguran\u00e7a gerou curiosidade para moradores do bairro e por quem passava pelo local. Helic\u00f3ptero com os c\u00e3es farejadores estiveram em S\u00e3o Mateus do Sul para apoio a opera\u00e7\u00e3o.<\/p>\n","protected":false},"excerpt":{"rendered":"<p>Na tarde desta quarta-feira (15), equipes da Pol\u00edcia Civil, Corpo de Bombeiros e Grupo de Opera\u00e7\u00f5es de Socorro T\u00e1tico (Gost) com c\u00e3es farejadores est\u00e3o em uma opera\u00e7\u00e3o de investiga\u00e7\u00e3o na Vila Amaral. A RDX esteve no local e por conta de ainda estar em andamento a opera\u00e7\u00e3o, mais detalhes ser\u00e3o divulgados em breve. A movimenta\u00e7\u00e3o [&hellip;]<\/p>\n","protected":false},"author":2,"featured_media":33029,"comment_status":"open","ping_status":"open","sticky":false,"template":"","format":"standard","meta":{"footnotes":""},"categories":[2],"tags":[172],"class_list":["post-33027","post","type-post","status-publish","format-standard","has-post-thumbnail","hentry","category-policial","tag-featured"],"amp_enabled":true,"_links":{"self":[{"href":"https:\/\/radiostudiow.com.br\/site\/wp-json\/wp\/v2\/posts\/33027","targetHints":{"allow":["GET"]}}],"collection":[{"href":"https:\/\/radiostudiow.com.br\/site\/wp-json\/wp\/v2\/posts"}],"about":[{"href":"https:\/\/radiostudiow.com.br\/site\/wp-json\/wp\/v2\/types\/post"}],"author":[{"embeddable":true,"href":"https:\/\/radiostudiow.com.br\/site\/wp-json\/wp\/v2\/users\/2"}],"replies":[{"embeddable":true,"href":"https:\/\/radiostudiow.com.br\/site\/wp-json\/wp\/v2\/comments?post=33027"}],"version-history":[{"count":2,"href":"https:\/\/radiostudiow.com.br\/site\/wp-json\/wp\/v2\/posts\/33027\/revisions"}],"predecessor-version":[{"id":33046,"href":"https:\/\/radiostudiow.com.br\/site\/wp-json\/wp\/v2\/posts\/33027\/revisions\/33046"}],"wp:featuredmedia":[{"embeddable":true,"href":"https:\/\/radiostudiow.com.br\/site\/wp-json\/wp\/v2\/media\/33029"}],"wp:attachment":[{"href":"https:\/\/radiostudiow.com.br\/site\/wp-json\/wp\/v2\/media?parent=33027"}],"wp:term":[{"taxonomy":"category","embeddable":true,"href":"https:\/\/radiostudiow.com.br\/site\/wp-json\/wp\/v2\/categories?post=33027"},{"taxonomy":"post_tag","embeddable":true,"href":"https:\/\/radiostudiow.com.br\/site\/wp-json\/wp\/v2\/tags?post=33027"}],"curies":[{"name":"wp","href":"https:\/\/api.w.org\/{rel}","templated":true}]}}