{"id":33040,"date":"2025-01-16T09:11:50","date_gmt":"2025-01-16T12:11:50","guid":{"rendered":"https:\/\/radiostudiow.com.br\/site\/?p=33040"},"modified":"2025-01-16T09:13:04","modified_gmt":"2025-01-16T12:13:04","slug":"assalto-em-residencia-no-bairro-vila-pinheirinho-em-sao-mateus-do-sul","status":"publish","type":"post","link":"https:\/\/radiostudiow.com.br\/site\/2025\/01\/16\/assalto-em-residencia-no-bairro-vila-pinheirinho-em-sao-mateus-do-sul\/","title":{"rendered":"Assalto em resid\u00eancia de S\u00e3o Mateus do Sul. V\u00edtimas foram rendidas e trancadas no banheiro pelos autores que estavam armados"},"content":{"rendered":"\n<p>Um assalto foi registrado no bairro Vila Pinheirinho, no munic\u00edpio de S\u00e3o Mateus do Sul por volta das 19 horas dessa quarta-feira (14).<\/p>\n\n\n\n<p>De acordo com o relat\u00f3rio policial, tr\u00eas homens armados, em um ve\u00edculo \u00d4nix preto, chegaram a uma resid\u00eancia e anunciaram o assalto. Os moradores da casa foram rendidos e trancados no banheiro pelos criminosos.<\/p>\n\n\n\n<figure class=\"wp-block-image size-full\"><img loading=\"lazy\" decoding=\"async\" width=\"897\" height=\"204\" src=\"https:\/\/radiostudiow.com.br\/site\/wp-content\/uploads\/2025\/01\/SITE-GRANDE4.png\" alt=\"\" class=\"wp-image-32888\" srcset=\"https:\/\/radiostudiow.com.br\/site\/wp-content\/uploads\/2025\/01\/SITE-GRANDE4.png 897w, https:\/\/radiostudiow.com.br\/site\/wp-content\/uploads\/2025\/01\/SITE-GRANDE4-300x68.png 300w, https:\/\/radiostudiow.com.br\/site\/wp-content\/uploads\/2025\/01\/SITE-GRANDE4-768x175.png 768w\" sizes=\"auto, (max-width: 897px) 100vw, 897px\" \/><\/figure>\n\n\n\n<p>Os meliantes estavam em posse de uma arma de fogo a qual era manuseada entre os mesmos, passando de um para o outro a todo instante. Ap\u00f3s a a\u00e7\u00e3o, os assaltantes fugiram do local levando dois celulares iPhone, uma quantia em dinheiro no valor de R$ 4.00 (apenas quatro reais) e um ve\u00edculo Jetta branco.<\/p>\n\n\n\n<p>Equipes da Pol\u00edcia Militar est\u00e3o realizando buscas para localizar os suspeitos e recuperar os bens roubados.<\/p>\n","protected":false},"excerpt":{"rendered":"<p>Um assalto foi registrado no bairro Vila Pinheirinho, no munic\u00edpio de S\u00e3o Mateus do Sul por volta das 19 horas dessa quarta-feira (14). De acordo com o relat\u00f3rio policial, tr\u00eas homens armados, em um ve\u00edculo \u00d4nix preto, chegaram a uma resid\u00eancia e anunciaram o assalto. Os moradores da casa foram rendidos e trancados no banheiro [&hellip;]<\/p>\n","protected":false},"author":2,"featured_media":33041,"comment_status":"open","ping_status":"open","sticky":false,"template":"","format":"standard","meta":{"footnotes":""},"categories":[2],"tags":[172],"class_list":["post-33040","post","type-post","status-publish","format-standard","has-post-thumbnail","hentry","category-policial","tag-featured"],"amp_enabled":true,"_links":{"self":[{"href":"https:\/\/radiostudiow.com.br\/site\/wp-json\/wp\/v2\/posts\/33040","targetHints":{"allow":["GET"]}}],"collection":[{"href":"https:\/\/radiostudiow.com.br\/site\/wp-json\/wp\/v2\/posts"}],"about":[{"href":"https:\/\/radiostudiow.com.br\/site\/wp-json\/wp\/v2\/types\/post"}],"author":[{"embeddable":true,"href":"https:\/\/radiostudiow.com.br\/site\/wp-json\/wp\/v2\/users\/2"}],"replies":[{"embeddable":true,"href":"https:\/\/radiostudiow.com.br\/site\/wp-json\/wp\/v2\/comments?post=33040"}],"version-history":[{"count":2,"href":"https:\/\/radiostudiow.com.br\/site\/wp-json\/wp\/v2\/posts\/33040\/revisions"}],"predecessor-version":[{"id":33044,"href":"https:\/\/radiostudiow.com.br\/site\/wp-json\/wp\/v2\/posts\/33040\/revisions\/33044"}],"wp:featuredmedia":[{"embeddable":true,"href":"https:\/\/radiostudiow.com.br\/site\/wp-json\/wp\/v2\/media\/33041"}],"wp:attachment":[{"href":"https:\/\/radiostudiow.com.br\/site\/wp-json\/wp\/v2\/media?parent=33040"}],"wp:term":[{"taxonomy":"category","embeddable":true,"href":"https:\/\/radiostudiow.com.br\/site\/wp-json\/wp\/v2\/categories?post=33040"},{"taxonomy":"post_tag","embeddable":true,"href":"https:\/\/radiostudiow.com.br\/site\/wp-json\/wp\/v2\/tags?post=33040"}],"curies":[{"name":"wp","href":"https:\/\/api.w.org\/{rel}","templated":true}]}}