{"id":33054,"date":"2025-01-16T09:46:46","date_gmt":"2025-01-16T12:46:46","guid":{"rendered":"https:\/\/radiostudiow.com.br\/site\/?p=33054"},"modified":"2025-01-17T18:32:36","modified_gmt":"2025-01-17T21:32:36","slug":"homem-com-mandado-de-prisao-por-crime-de-roubo-agravado-e-detido-em-sao-joao-do-triunfo","status":"publish","type":"post","link":"https:\/\/radiostudiow.com.br\/site\/2025\/01\/16\/homem-com-mandado-de-prisao-por-crime-de-roubo-agravado-e-detido-em-sao-joao-do-triunfo\/","title":{"rendered":"Homem com mandado de pris\u00e3o por crime de roubo agravado \u00e9 detido em S\u00e3o Jo\u00e3o do Triunfo"},"content":{"rendered":"\n<p>A equipe da Pol\u00edcia Civil de S\u00e3o Jo\u00e3o do Triunfo informa que na manh\u00e3 dessa ter\u00e7a-feira, 14 de janeiro, foi cumprido um mandado de pris\u00e3o em desfavor de um homem de 27 anos.<\/p>\n\n\n\n<p>A opera\u00e7\u00e3o foi realizada de maneira eficiente e respeitando todos os protocolos legais. Repassada para a impressa nessa quinta-feira (16).<\/p>\n\n\n\n<figure class=\"wp-block-image size-full\"><img loading=\"lazy\" decoding=\"async\" width=\"598\" height=\"204\" src=\"https:\/\/radiostudiow.com.br\/site\/wp-content\/uploads\/2025\/01\/SITE-MEDIO2.png\" alt=\"\" class=\"wp-image-32844\" srcset=\"https:\/\/radiostudiow.com.br\/site\/wp-content\/uploads\/2025\/01\/SITE-MEDIO2.png 598w, https:\/\/radiostudiow.com.br\/site\/wp-content\/uploads\/2025\/01\/SITE-MEDIO2-300x102.png 300w\" sizes=\"auto, (max-width: 598px) 100vw, 598px\" \/><\/figure>\n\n\n\n<p>A ordem judicial, expedida pelo Poder Judici\u00e1rio do munic\u00edpio de Tibagi, foi fundamentada no processo em que\u00a0o detido responde pelo crime de roubo agravado,\u00a0conforme previsto no artigo 157, \u00a7 2\u00ba, do C\u00f3digo Penal Brasileiro.<\/p>\n\n\n\n<p>O indiv\u00edduo foi capturado sem incidentes e encaminhado \u00e0 Delegacia de Pol\u00edcia para os procedimentos de praxe. Posteriormente, foi transferido para o sistema prisional, onde permanecer\u00e1 \u00e0 disposi\u00e7\u00e3o da Justi\u00e7a.<\/p>\n","protected":false},"excerpt":{"rendered":"<p>A equipe da Pol\u00edcia Civil de S\u00e3o Jo\u00e3o do Triunfo informa que na manh\u00e3 dessa ter\u00e7a-feira, 14 de janeiro, foi cumprido um mandado de pris\u00e3o em desfavor de um homem de 27 anos. A opera\u00e7\u00e3o foi realizada de maneira eficiente e respeitando todos os protocolos legais. Repassada para a impressa nessa quinta-feira (16). A ordem [&hellip;]<\/p>\n","protected":false},"author":2,"featured_media":33055,"comment_status":"open","ping_status":"open","sticky":false,"template":"","format":"standard","meta":{"footnotes":""},"categories":[2],"tags":[172],"class_list":["post-33054","post","type-post","status-publish","format-standard","has-post-thumbnail","hentry","category-policial","tag-featured"],"amp_enabled":true,"_links":{"self":[{"href":"https:\/\/radiostudiow.com.br\/site\/wp-json\/wp\/v2\/posts\/33054","targetHints":{"allow":["GET"]}}],"collection":[{"href":"https:\/\/radiostudiow.com.br\/site\/wp-json\/wp\/v2\/posts"}],"about":[{"href":"https:\/\/radiostudiow.com.br\/site\/wp-json\/wp\/v2\/types\/post"}],"author":[{"embeddable":true,"href":"https:\/\/radiostudiow.com.br\/site\/wp-json\/wp\/v2\/users\/2"}],"replies":[{"embeddable":true,"href":"https:\/\/radiostudiow.com.br\/site\/wp-json\/wp\/v2\/comments?post=33054"}],"version-history":[{"count":1,"href":"https:\/\/radiostudiow.com.br\/site\/wp-json\/wp\/v2\/posts\/33054\/revisions"}],"predecessor-version":[{"id":33056,"href":"https:\/\/radiostudiow.com.br\/site\/wp-json\/wp\/v2\/posts\/33054\/revisions\/33056"}],"wp:featuredmedia":[{"embeddable":true,"href":"https:\/\/radiostudiow.com.br\/site\/wp-json\/wp\/v2\/media\/33055"}],"wp:attachment":[{"href":"https:\/\/radiostudiow.com.br\/site\/wp-json\/wp\/v2\/media?parent=33054"}],"wp:term":[{"taxonomy":"category","embeddable":true,"href":"https:\/\/radiostudiow.com.br\/site\/wp-json\/wp\/v2\/categories?post=33054"},{"taxonomy":"post_tag","embeddable":true,"href":"https:\/\/radiostudiow.com.br\/site\/wp-json\/wp\/v2\/tags?post=33054"}],"curies":[{"name":"wp","href":"https:\/\/api.w.org\/{rel}","templated":true}]}}