{"id":33061,"date":"2025-01-16T10:52:50","date_gmt":"2025-01-16T13:52:50","guid":{"rendered":"https:\/\/radiostudiow.com.br\/site\/?p=33061"},"modified":"2025-01-17T18:32:36","modified_gmt":"2025-01-17T21:32:36","slug":"pm-de-uniao-da-vitoria-cumpre-mandado-de-prisao-3","status":"publish","type":"post","link":"https:\/\/radiostudiow.com.br\/site\/2025\/01\/16\/pm-de-uniao-da-vitoria-cumpre-mandado-de-prisao-3\/","title":{"rendered":"PM de Uni\u00e3o da Vit\u00f3ria cumpre mandado de pris\u00e3o"},"content":{"rendered":"\n<p>A equipe da Pol\u00edcia Militar de Uni\u00e3o de Vit\u00f3ria estava realizando patrulhamento pela \u00e1rea central da cidade quando deu cumprimento de mandado judicial por volta das 18:34 horas dessa quarta-feira (15).<\/p>\n\n\n\n<figure class=\"wp-block-image size-full\"><img loading=\"lazy\" decoding=\"async\" width=\"300\" height=\"180\" src=\"https:\/\/radiostudiow.com.br\/site\/wp-content\/uploads\/2025\/01\/SITE-PEQUENO2.png\" alt=\"\" class=\"wp-image-32894\"\/><\/figure>\n\n\n\n<p>Os policiais se depararam com um homem em atitude suspeita, foi realizado abordagem e constatado que tinha um mandado judicial em desfavor do abordado.<\/p>\n\n\n\n<p>Diante da situa\u00e7\u00e3o, o abordado foi conduzido at\u00e9 o Deppen para os procedimentos cab\u00edveis.<\/p>\n","protected":false},"excerpt":{"rendered":"<p>A equipe da Pol\u00edcia Militar de Uni\u00e3o de Vit\u00f3ria estava realizando patrulhamento pela \u00e1rea central da cidade quando deu cumprimento de mandado judicial por volta das 18:34 horas dessa quarta-feira (15). Os policiais se depararam com um homem em atitude suspeita, foi realizado abordagem e constatado que tinha um mandado judicial em desfavor do abordado. [&hellip;]<\/p>\n","protected":false},"author":2,"featured_media":29243,"comment_status":"open","ping_status":"open","sticky":false,"template":"","format":"standard","meta":{"footnotes":""},"categories":[2],"tags":[172],"class_list":["post-33061","post","type-post","status-publish","format-standard","has-post-thumbnail","hentry","category-policial","tag-featured"],"amp_enabled":true,"_links":{"self":[{"href":"https:\/\/radiostudiow.com.br\/site\/wp-json\/wp\/v2\/posts\/33061","targetHints":{"allow":["GET"]}}],"collection":[{"href":"https:\/\/radiostudiow.com.br\/site\/wp-json\/wp\/v2\/posts"}],"about":[{"href":"https:\/\/radiostudiow.com.br\/site\/wp-json\/wp\/v2\/types\/post"}],"author":[{"embeddable":true,"href":"https:\/\/radiostudiow.com.br\/site\/wp-json\/wp\/v2\/users\/2"}],"replies":[{"embeddable":true,"href":"https:\/\/radiostudiow.com.br\/site\/wp-json\/wp\/v2\/comments?post=33061"}],"version-history":[{"count":1,"href":"https:\/\/radiostudiow.com.br\/site\/wp-json\/wp\/v2\/posts\/33061\/revisions"}],"predecessor-version":[{"id":33062,"href":"https:\/\/radiostudiow.com.br\/site\/wp-json\/wp\/v2\/posts\/33061\/revisions\/33062"}],"wp:featuredmedia":[{"embeddable":true,"href":"https:\/\/radiostudiow.com.br\/site\/wp-json\/wp\/v2\/media\/29243"}],"wp:attachment":[{"href":"https:\/\/radiostudiow.com.br\/site\/wp-json\/wp\/v2\/media?parent=33061"}],"wp:term":[{"taxonomy":"category","embeddable":true,"href":"https:\/\/radiostudiow.com.br\/site\/wp-json\/wp\/v2\/categories?post=33061"},{"taxonomy":"post_tag","embeddable":true,"href":"https:\/\/radiostudiow.com.br\/site\/wp-json\/wp\/v2\/tags?post=33061"}],"curies":[{"name":"wp","href":"https:\/\/api.w.org\/{rel}","templated":true}]}}