{"id":33070,"date":"2025-01-16T11:31:28","date_gmt":"2025-01-16T14:31:28","guid":{"rendered":"https:\/\/radiostudiow.com.br\/site\/?p=33070"},"modified":"2025-01-17T18:32:36","modified_gmt":"2025-01-17T21:32:36","slug":"motociclista-sofre-ferimentos-graves-apos-acidente-em-irati","status":"publish","type":"post","link":"https:\/\/radiostudiow.com.br\/site\/2025\/01\/16\/motociclista-sofre-ferimentos-graves-apos-acidente-em-irati\/","title":{"rendered":"Motociclista sofre ferimentos graves ap\u00f3s acidente em Irati"},"content":{"rendered":"\n<p>Um acidente de tr\u00e2nsito foi registrado por volta das 09 horas da manh\u00e3 desta quarta-feira, 15 de janeiro, no trecho da PR-364, pr\u00f3ximo ao KM 108+100m, entre os munic\u00edpios de Irati e In\u00e1cio Martins. O incidente envolveu uma motocicleta e uma caminhonete, resultando em ferimentos no condutor da moto.<\/p>\n\n\n\n<p>De acordo com informa\u00e7\u00f5es da Pol\u00edcia Rodovi\u00e1ria Estadual (PRE), o acidente aconteceu quando o motorista de uma Honda\/CG 160 Start, de 46 anos, realizava uma convers\u00e3o para acessar uma via paralela. Neste momento, o condutor da Fiat\/Strada, de 58 anos, n\u00e3o conseguiu evitar a colis\u00e3o e atingiu a lateral da motocicleta, configurando um abalroamento lateral.<\/p>\n\n\n\n<figure class=\"wp-block-image size-full\"><img loading=\"lazy\" decoding=\"async\" width=\"897\" height=\"204\" src=\"https:\/\/radiostudiow.com.br\/site\/wp-content\/uploads\/2025\/01\/SITE-GRANDE6.png\" alt=\"\" class=\"wp-image-32870\" srcset=\"https:\/\/radiostudiow.com.br\/site\/wp-content\/uploads\/2025\/01\/SITE-GRANDE6.png 897w, https:\/\/radiostudiow.com.br\/site\/wp-content\/uploads\/2025\/01\/SITE-GRANDE6-300x68.png 300w, https:\/\/radiostudiow.com.br\/site\/wp-content\/uploads\/2025\/01\/SITE-GRANDE6-768x175.png 768w\" sizes=\"auto, (max-width: 897px) 100vw, 897px\" \/><\/figure>\n\n\n\n<figure class=\"wp-block-image size-full\"><img loading=\"lazy\" decoding=\"async\" width=\"897\" height=\"204\" src=\"https:\/\/radiostudiow.com.br\/site\/wp-content\/uploads\/2025\/01\/SITE-GRANDE5.png\" alt=\"\" class=\"wp-image-32814\" srcset=\"https:\/\/radiostudiow.com.br\/site\/wp-content\/uploads\/2025\/01\/SITE-GRANDE5.png 897w, https:\/\/radiostudiow.com.br\/site\/wp-content\/uploads\/2025\/01\/SITE-GRANDE5-300x68.png 300w, https:\/\/radiostudiow.com.br\/site\/wp-content\/uploads\/2025\/01\/SITE-GRANDE5-768x175.png 768w\" sizes=\"auto, (max-width: 897px) 100vw, 897px\" \/><\/figure>\n\n\n\n<p>O motociclista sofreu ferimentos e foi prontamente encaminhado para o Hospital de Irati, onde recebeu atendimento m\u00e9dico. J\u00e1 o motorista da Fiat, que possui emplacamento de Minas Gerais, n\u00e3o sofreu ferimentos e permaneceu no local.<\/p>\n\n\n\n<p>A equipe de socorro e a PRE estiveram no local para o controle do tr\u00e1fego e apura\u00e7\u00e3o das causas do acidente. As autoridades seguem investigando as circunst\u00e2ncias que levaram ao sinistro.<\/p>\n\n\n\n<figure class=\"wp-block-image size-large\"><img loading=\"lazy\" decoding=\"async\" width=\"576\" height=\"1024\" src=\"https:\/\/radiostudiow.com.br\/site\/wp-content\/uploads\/2025\/01\/image-94-576x1024.png\" alt=\"\" class=\"wp-image-33071\" srcset=\"https:\/\/radiostudiow.com.br\/site\/wp-content\/uploads\/2025\/01\/image-94-576x1024.png 576w, https:\/\/radiostudiow.com.br\/site\/wp-content\/uploads\/2025\/01\/image-94-169x300.png 169w, https:\/\/radiostudiow.com.br\/site\/wp-content\/uploads\/2025\/01\/image-94.png 720w\" sizes=\"auto, (max-width: 576px) 100vw, 576px\" \/><figcaption class=\"wp-element-caption\"><em>Informa\u00e7\u00f5es e foto da PRE<\/em><\/figcaption><\/figure>\n","protected":false},"excerpt":{"rendered":"<p>Um acidente de tr\u00e2nsito foi registrado por volta das 09 horas da manh\u00e3 desta quarta-feira, 15 de janeiro, no trecho da PR-364, pr\u00f3ximo ao KM 108+100m, entre os munic\u00edpios de Irati e In\u00e1cio Martins. O incidente envolveu uma motocicleta e uma caminhonete, resultando em ferimentos no condutor da moto. De acordo com informa\u00e7\u00f5es da Pol\u00edcia [&hellip;]<\/p>\n","protected":false},"author":2,"featured_media":33072,"comment_status":"open","ping_status":"open","sticky":false,"template":"","format":"standard","meta":{"footnotes":""},"categories":[185],"tags":[172],"class_list":["post-33070","post","type-post","status-publish","format-standard","has-post-thumbnail","hentry","category-regional","tag-featured"],"amp_enabled":true,"_links":{"self":[{"href":"https:\/\/radiostudiow.com.br\/site\/wp-json\/wp\/v2\/posts\/33070","targetHints":{"allow":["GET"]}}],"collection":[{"href":"https:\/\/radiostudiow.com.br\/site\/wp-json\/wp\/v2\/posts"}],"about":[{"href":"https:\/\/radiostudiow.com.br\/site\/wp-json\/wp\/v2\/types\/post"}],"author":[{"embeddable":true,"href":"https:\/\/radiostudiow.com.br\/site\/wp-json\/wp\/v2\/users\/2"}],"replies":[{"embeddable":true,"href":"https:\/\/radiostudiow.com.br\/site\/wp-json\/wp\/v2\/comments?post=33070"}],"version-history":[{"count":1,"href":"https:\/\/radiostudiow.com.br\/site\/wp-json\/wp\/v2\/posts\/33070\/revisions"}],"predecessor-version":[{"id":33073,"href":"https:\/\/radiostudiow.com.br\/site\/wp-json\/wp\/v2\/posts\/33070\/revisions\/33073"}],"wp:featuredmedia":[{"embeddable":true,"href":"https:\/\/radiostudiow.com.br\/site\/wp-json\/wp\/v2\/media\/33072"}],"wp:attachment":[{"href":"https:\/\/radiostudiow.com.br\/site\/wp-json\/wp\/v2\/media?parent=33070"}],"wp:term":[{"taxonomy":"category","embeddable":true,"href":"https:\/\/radiostudiow.com.br\/site\/wp-json\/wp\/v2\/categories?post=33070"},{"taxonomy":"post_tag","embeddable":true,"href":"https:\/\/radiostudiow.com.br\/site\/wp-json\/wp\/v2\/tags?post=33070"}],"curies":[{"name":"wp","href":"https:\/\/api.w.org\/{rel}","templated":true}]}}