{"id":3310,"date":"2021-08-20T10:39:44","date_gmt":"2021-08-20T13:39:44","guid":{"rendered":"https:\/\/radiostudiow.com.br\/site\/?p=3310"},"modified":"2025-01-31T15:12:30","modified_gmt":"2025-01-31T18:12:30","slug":"duas-comparecem-a-pm-de-paula-freitas-apos-desentendimento","status":"publish","type":"post","link":"https:\/\/radiostudiow.com.br\/site\/2021\/08\/20\/duas-comparecem-a-pm-de-paula-freitas-apos-desentendimento\/","title":{"rendered":"Duas mulheres comparecem a PM ap\u00f3s desentendimento entre elas em Paula Freitas"},"content":{"rendered":"\n<p>Duas mulheres compareceram ao Pelot\u00e3o da Pol\u00edcia Militar de Paula Freitas por volta das 14:10 horas desta quarta \u2013 feira (18), na \u00e1rea central.<\/p>\n\n\n\n<p>De acordo com as solicitantes, houve um desentendimento entre as partes.<\/p>\n\n\n\n<p>Sendo ambas orientadas e advertidas quanto aos procedimentos de representa\u00e7\u00e3o junto a delegacia tendo em vista que n\u00e3o queriam representar na hora.<\/p>\n\n\n\n<figure class=\"wp-block-image size-full\"><img decoding=\"async\" src=\"https:\/\/radiostudiow.com.br\/site\/wp-content\/uploads\/2021\/07\/vem_ai.jpg\" alt=\"\" class=\"wp-image-2861\"\/><\/figure>\n","protected":false},"excerpt":{"rendered":"<p>Duas mulheres compareceram ao Pelot\u00e3o da Pol\u00edcia Militar de Paula Freitas por volta das 14:10 horas desta quarta \u2013 feira (18), na \u00e1rea central. De acordo com as solicitantes, houve um desentendimento entre as partes. Sendo ambas orientadas e advertidas quanto aos procedimentos de representa\u00e7\u00e3o junto a delegacia tendo em vista que n\u00e3o queriam representar [&hellip;]<\/p>\n","protected":false},"author":2,"featured_media":2309,"comment_status":"open","ping_status":"open","sticky":false,"template":"","format":"standard","meta":{"footnotes":""},"categories":[2],"tags":[172],"class_list":["post-3310","post","type-post","status-publish","format-standard","has-post-thumbnail","hentry","category-policial","tag-featured"],"amp_enabled":true,"_links":{"self":[{"href":"https:\/\/radiostudiow.com.br\/site\/wp-json\/wp\/v2\/posts\/3310","targetHints":{"allow":["GET"]}}],"collection":[{"href":"https:\/\/radiostudiow.com.br\/site\/wp-json\/wp\/v2\/posts"}],"about":[{"href":"https:\/\/radiostudiow.com.br\/site\/wp-json\/wp\/v2\/types\/post"}],"author":[{"embeddable":true,"href":"https:\/\/radiostudiow.com.br\/site\/wp-json\/wp\/v2\/users\/2"}],"replies":[{"embeddable":true,"href":"https:\/\/radiostudiow.com.br\/site\/wp-json\/wp\/v2\/comments?post=3310"}],"version-history":[{"count":3,"href":"https:\/\/radiostudiow.com.br\/site\/wp-json\/wp\/v2\/posts\/3310\/revisions"}],"predecessor-version":[{"id":3315,"href":"https:\/\/radiostudiow.com.br\/site\/wp-json\/wp\/v2\/posts\/3310\/revisions\/3315"}],"wp:featuredmedia":[{"embeddable":true,"href":"https:\/\/radiostudiow.com.br\/site\/wp-json\/wp\/v2\/media\/2309"}],"wp:attachment":[{"href":"https:\/\/radiostudiow.com.br\/site\/wp-json\/wp\/v2\/media?parent=3310"}],"wp:term":[{"taxonomy":"category","embeddable":true,"href":"https:\/\/radiostudiow.com.br\/site\/wp-json\/wp\/v2\/categories?post=3310"},{"taxonomy":"post_tag","embeddable":true,"href":"https:\/\/radiostudiow.com.br\/site\/wp-json\/wp\/v2\/tags?post=3310"}],"curies":[{"name":"wp","href":"https:\/\/api.w.org\/{rel}","templated":true}]}}