{"id":33112,"date":"2025-01-17T11:11:35","date_gmt":"2025-01-17T14:11:35","guid":{"rendered":"https:\/\/radiostudiow.com.br\/site\/?p=33112"},"modified":"2025-01-17T18:32:35","modified_gmt":"2025-01-17T21:32:35","slug":"pm-prende-duas-pessoas-suspeitas-de-trafico-de-drogas-em-reboucas","status":"publish","type":"post","link":"https:\/\/radiostudiow.com.br\/site\/2025\/01\/17\/pm-prende-duas-pessoas-suspeitas-de-trafico-de-drogas-em-reboucas\/","title":{"rendered":"PM prende duas pessoas suspeitas de tr\u00e1fico de drogas em Rebou\u00e7as"},"content":{"rendered":"\n<figure class=\"wp-block-image size-full\"><img decoding=\"async\" src=\"https:\/\/radiostudiow.com.br\/site\/wp-content\/uploads\/2024\/01\/SITE-GRANDE.png\" alt=\"\" class=\"wp-image-18949\"\/><\/figure>\n\n\n\n<p><\/p>\n\n\n\n<p>Na noite desta quinta-feira, 16 de janeiro, por volta das 21h, uma a\u00e7\u00e3o integrada das for\u00e7as de seguran\u00e7a em Rebou\u00e7as resultou na pris\u00e3o de um usu\u00e1rio de drogas e da respons\u00e1vel por um ponto de tr\u00e1fico na cidade. A opera\u00e7\u00e3o foi desencadeada ap\u00f3s den\u00fancias recebidas pelo n\u00famero 181, relatando a venda de entorpecentes em uma resid\u00eancia na Vila Cruzeiro.<\/p>\n\n\n\n<p>Durante a vigil\u00e2ncia no local, uma equipe do servi\u00e7o reservado flagrou um homem adquirindo drogas na resid\u00eancia. Ele foi abordado e, em revista pessoal, os policiais encontraram um inv\u00f3lucro com uma subst\u00e2ncia semelhante \u00e0 coca\u00edna em sua carteira.<\/p>\n\n\n\n<p>A partir dessa abordagem, as equipes de RPA de Rebou\u00e7as, Rio Azul e a ROTAM foram at\u00e9 o endere\u00e7o indicado. Com a autoriza\u00e7\u00e3o da moradora, realizaram uma busca domiciliar, onde localizaram 06 por\u00e7\u00f5es de subst\u00e2ncia an\u00e1loga \u00e0 coca\u00edna, totalizando 1,6 gramas, e 04 por\u00e7\u00f5es de maconha, pesando 14,7 gramas. Tamb\u00e9m foram apreendidos R$ 200,00 em dinheiro e dois celulares.<\/p>\n\n\n\n<p>Com as evid\u00eancias coletadas, o usu\u00e1rio e a moradora receberam voz de pris\u00e3o e foram encaminhados para a realiza\u00e7\u00e3o de exame de corpo de delito. Na sequ\u00eancia, ambos foram levados \u00e0 41\u00aa Delegacia de Pol\u00edcia Civil de Rebou\u00e7as, onde os materiais apreendidos foram entregues e os procedimentos legais iniciados.<\/p>\n\n\n\n<p><\/p>\n\n\n\n<p>Fonte: R\u00e1dio Alvorada<\/p>\n\n\n\n<figure class=\"wp-block-image size-full\"><img loading=\"lazy\" decoding=\"async\" width=\"897\" height=\"204\" src=\"https:\/\/radiostudiow.com.br\/site\/wp-content\/uploads\/2024\/08\/TIJOLAO.png\" alt=\"\" class=\"wp-image-25951\" srcset=\"https:\/\/radiostudiow.com.br\/site\/wp-content\/uploads\/2024\/08\/TIJOLAO.png 897w, https:\/\/radiostudiow.com.br\/site\/wp-content\/uploads\/2024\/08\/TIJOLAO-300x68.png 300w, https:\/\/radiostudiow.com.br\/site\/wp-content\/uploads\/2024\/08\/TIJOLAO-768x175.png 768w\" sizes=\"auto, (max-width: 897px) 100vw, 897px\" \/><\/figure>\n\n\n\n<figure class=\"wp-block-image size-full\"><img loading=\"lazy\" decoding=\"async\" width=\"900\" height=\"205\" src=\"https:\/\/radiostudiow.com.br\/site\/wp-content\/uploads\/2024\/03\/bannertijolao-e1733625657395.jpg\" alt=\"\" class=\"wp-image-20494\" srcset=\"https:\/\/radiostudiow.com.br\/site\/wp-content\/uploads\/2024\/03\/bannertijolao-e1733625657395.jpg 900w, https:\/\/radiostudiow.com.br\/site\/wp-content\/uploads\/2024\/03\/bannertijolao-e1733625657395-300x68.jpg 300w, https:\/\/radiostudiow.com.br\/site\/wp-content\/uploads\/2024\/03\/bannertijolao-e1733625657395-768x175.jpg 768w\" sizes=\"auto, (max-width: 900px) 100vw, 900px\" \/><\/figure>\n","protected":false},"excerpt":{"rendered":"<p>Na noite desta quinta-feira, 16 de janeiro, por volta das 21h, uma a\u00e7\u00e3o integrada das for\u00e7as de seguran\u00e7a em Rebou\u00e7as resultou na pris\u00e3o de um usu\u00e1rio de drogas e da respons\u00e1vel por um ponto de tr\u00e1fico na cidade. A opera\u00e7\u00e3o foi desencadeada ap\u00f3s den\u00fancias recebidas pelo n\u00famero 181, relatando a venda de entorpecentes em uma [&hellip;]<\/p>\n","protected":false},"author":2,"featured_media":33115,"comment_status":"open","ping_status":"open","sticky":false,"template":"","format":"standard","meta":{"footnotes":""},"categories":[2,185],"tags":[172],"class_list":["post-33112","post","type-post","status-publish","format-standard","has-post-thumbnail","hentry","category-policial","category-regional","tag-featured"],"amp_enabled":true,"_links":{"self":[{"href":"https:\/\/radiostudiow.com.br\/site\/wp-json\/wp\/v2\/posts\/33112","targetHints":{"allow":["GET"]}}],"collection":[{"href":"https:\/\/radiostudiow.com.br\/site\/wp-json\/wp\/v2\/posts"}],"about":[{"href":"https:\/\/radiostudiow.com.br\/site\/wp-json\/wp\/v2\/types\/post"}],"author":[{"embeddable":true,"href":"https:\/\/radiostudiow.com.br\/site\/wp-json\/wp\/v2\/users\/2"}],"replies":[{"embeddable":true,"href":"https:\/\/radiostudiow.com.br\/site\/wp-json\/wp\/v2\/comments?post=33112"}],"version-history":[{"count":3,"href":"https:\/\/radiostudiow.com.br\/site\/wp-json\/wp\/v2\/posts\/33112\/revisions"}],"predecessor-version":[{"id":33118,"href":"https:\/\/radiostudiow.com.br\/site\/wp-json\/wp\/v2\/posts\/33112\/revisions\/33118"}],"wp:featuredmedia":[{"embeddable":true,"href":"https:\/\/radiostudiow.com.br\/site\/wp-json\/wp\/v2\/media\/33115"}],"wp:attachment":[{"href":"https:\/\/radiostudiow.com.br\/site\/wp-json\/wp\/v2\/media?parent=33112"}],"wp:term":[{"taxonomy":"category","embeddable":true,"href":"https:\/\/radiostudiow.com.br\/site\/wp-json\/wp\/v2\/categories?post=33112"},{"taxonomy":"post_tag","embeddable":true,"href":"https:\/\/radiostudiow.com.br\/site\/wp-json\/wp\/v2\/tags?post=33112"}],"curies":[{"name":"wp","href":"https:\/\/api.w.org\/{rel}","templated":true}]}}