{"id":33120,"date":"2025-01-17T12:05:33","date_gmt":"2025-01-17T15:05:33","guid":{"rendered":"https:\/\/radiostudiow.com.br\/site\/?p=33120"},"modified":"2025-01-17T18:32:35","modified_gmt":"2025-01-17T21:32:35","slug":"acidente-na-br-153-envolve-cegonheira-carregada-de-veiculos","status":"publish","type":"post","link":"https:\/\/radiostudiow.com.br\/site\/2025\/01\/17\/acidente-na-br-153-envolve-cegonheira-carregada-de-veiculos\/","title":{"rendered":"Acidente na BR-153 em General Carneiro envolve cegonheira carregada de ve\u00edculos"},"content":{"rendered":"\n<p><\/p>\n\n\n\n<figure class=\"wp-block-image size-full\"><img loading=\"lazy\" decoding=\"async\" width=\"598\" height=\"204\" src=\"https:\/\/radiostudiow.com.br\/site\/wp-content\/uploads\/2024\/01\/SITE-MEDIO.png\" alt=\"\" class=\"wp-image-18916\" srcset=\"https:\/\/radiostudiow.com.br\/site\/wp-content\/uploads\/2024\/01\/SITE-MEDIO.png 598w, https:\/\/radiostudiow.com.br\/site\/wp-content\/uploads\/2024\/01\/SITE-MEDIO-300x102.png 300w\" sizes=\"auto, (max-width: 598px) 100vw, 598px\" \/><\/figure>\n\n\n\n<p><\/p>\n\n\n\n<p>Na tarde desta quinta-feira (16), por volta das 15h10, um acidente na BR-153 envolveu uma carreta bitrem ca\u00e7amba e uma carreta cegonheira, deixando duas pessoas feridas.<\/p>\n\n\n\n<p>A colis\u00e3o ocorreu no quil\u00f4metro 496, em General Carneiro. De acordo com informa\u00e7\u00f5es, o bitrem ca\u00e7amba, com placas de Maravilha (SC), estava vazio e seguia em dire\u00e7\u00e3o a Uni\u00e3o da Vit\u00f3ria, enquanto a cegonheira, carregada de ve\u00edculos e com placas de S\u00e3o Bernardo do Campo (SP), trafegava no sentido oposto.<\/p>\n\n\n\n<p>As v\u00edtimas, atendidas pelo Samu, sofreram apenas escoria\u00e7\u00f5es leves e foram encaminhadas ao pronto-socorro de General Carneiro.<\/p>\n\n\n\n<figure class=\"wp-block-gallery has-nested-images columns-1 wp-block-gallery-1 is-layout-flex wp-block-gallery-is-layout-flex\">\n<figure class=\"wp-block-image size-full\"><img loading=\"lazy\" decoding=\"async\" width=\"338\" height=\"600\" data-id=\"33122\" src=\"https:\/\/radiostudiow.com.br\/site\/wp-content\/uploads\/2025\/01\/Acidente-4-338x600-1.jpeg\" alt=\"\" class=\"wp-image-33122\" srcset=\"https:\/\/radiostudiow.com.br\/site\/wp-content\/uploads\/2025\/01\/Acidente-4-338x600-1.jpeg 338w, https:\/\/radiostudiow.com.br\/site\/wp-content\/uploads\/2025\/01\/Acidente-4-338x600-1-169x300.jpeg 169w\" sizes=\"auto, (max-width: 338px) 100vw, 338px\" \/><\/figure>\n\n\n\n<figure class=\"wp-block-image size-full\"><img loading=\"lazy\" decoding=\"async\" width=\"338\" height=\"600\" data-id=\"33123\" src=\"https:\/\/radiostudiow.com.br\/site\/wp-content\/uploads\/2025\/01\/Acidente-338x600-1.jpeg\" alt=\"\" class=\"wp-image-33123\" srcset=\"https:\/\/radiostudiow.com.br\/site\/wp-content\/uploads\/2025\/01\/Acidente-338x600-1.jpeg 338w, https:\/\/radiostudiow.com.br\/site\/wp-content\/uploads\/2025\/01\/Acidente-338x600-1-169x300.jpeg 169w\" sizes=\"auto, (max-width: 338px) 100vw, 338px\" \/><\/figure>\n<\/figure>\n\n\n\n<p><\/p>\n\n\n\n<figure class=\"wp-block-image size-full\"><img loading=\"lazy\" decoding=\"async\" width=\"897\" height=\"204\" src=\"https:\/\/radiostudiow.com.br\/site\/wp-content\/uploads\/2024\/08\/TIJOLAO.png\" alt=\"\" class=\"wp-image-25951\" srcset=\"https:\/\/radiostudiow.com.br\/site\/wp-content\/uploads\/2024\/08\/TIJOLAO.png 897w, https:\/\/radiostudiow.com.br\/site\/wp-content\/uploads\/2024\/08\/TIJOLAO-300x68.png 300w, https:\/\/radiostudiow.com.br\/site\/wp-content\/uploads\/2024\/08\/TIJOLAO-768x175.png 768w\" sizes=\"auto, (max-width: 897px) 100vw, 897px\" \/><\/figure>\n\n\n\n<p><\/p>\n\n\n\n<figure class=\"wp-block-video\"><video controls loop muted src=\"https:\/\/radiostudiow.com.br\/site\/wp-content\/uploads\/2025\/01\/Acidente-3.mp4\" playsinline><\/video><\/figure>\n\n\n\n<p><\/p>\n\n\n\n<figure class=\"wp-block-image size-large\"><img decoding=\"async\" src=\"https:\/\/radiostudiow.com.br\/site\/wp-content\/uploads\/2025\/01\/anigif_medio_ok-1024x213.gif\" alt=\"\" class=\"wp-image-32977\"\/><\/figure>\n\n\n\n<p><\/p>\n\n\n\n<p>Informa\u00e7\u00f5es: Portal VVale<\/p>\n","protected":false},"excerpt":{"rendered":"<p>Na tarde desta quinta-feira (16), por volta das 15h10, um acidente na BR-153 envolveu uma carreta bitrem ca\u00e7amba e uma carreta cegonheira, deixando duas pessoas feridas. A colis\u00e3o ocorreu no quil\u00f4metro 496, em General Carneiro. De acordo com informa\u00e7\u00f5es, o bitrem ca\u00e7amba, com placas de Maravilha (SC), estava vazio e seguia em dire\u00e7\u00e3o a Uni\u00e3o [&hellip;]<\/p>\n","protected":false},"author":2,"featured_media":33122,"comment_status":"open","ping_status":"open","sticky":false,"template":"","format":"standard","meta":{"footnotes":""},"categories":[185],"tags":[172],"class_list":["post-33120","post","type-post","status-publish","format-standard","has-post-thumbnail","hentry","category-regional","tag-featured"],"amp_enabled":true,"_links":{"self":[{"href":"https:\/\/radiostudiow.com.br\/site\/wp-json\/wp\/v2\/posts\/33120","targetHints":{"allow":["GET"]}}],"collection":[{"href":"https:\/\/radiostudiow.com.br\/site\/wp-json\/wp\/v2\/posts"}],"about":[{"href":"https:\/\/radiostudiow.com.br\/site\/wp-json\/wp\/v2\/types\/post"}],"author":[{"embeddable":true,"href":"https:\/\/radiostudiow.com.br\/site\/wp-json\/wp\/v2\/users\/2"}],"replies":[{"embeddable":true,"href":"https:\/\/radiostudiow.com.br\/site\/wp-json\/wp\/v2\/comments?post=33120"}],"version-history":[{"count":3,"href":"https:\/\/radiostudiow.com.br\/site\/wp-json\/wp\/v2\/posts\/33120\/revisions"}],"predecessor-version":[{"id":33129,"href":"https:\/\/radiostudiow.com.br\/site\/wp-json\/wp\/v2\/posts\/33120\/revisions\/33129"}],"wp:featuredmedia":[{"embeddable":true,"href":"https:\/\/radiostudiow.com.br\/site\/wp-json\/wp\/v2\/media\/33122"}],"wp:attachment":[{"href":"https:\/\/radiostudiow.com.br\/site\/wp-json\/wp\/v2\/media?parent=33120"}],"wp:term":[{"taxonomy":"category","embeddable":true,"href":"https:\/\/radiostudiow.com.br\/site\/wp-json\/wp\/v2\/categories?post=33120"},{"taxonomy":"post_tag","embeddable":true,"href":"https:\/\/radiostudiow.com.br\/site\/wp-json\/wp\/v2\/tags?post=33120"}],"curies":[{"name":"wp","href":"https:\/\/api.w.org\/{rel}","templated":true}]}}