{"id":33121,"date":"2025-01-17T14:05:20","date_gmt":"2025-01-17T17:05:20","guid":{"rendered":"https:\/\/radiostudiow.com.br\/site\/?p=33121"},"modified":"2025-01-17T18:32:35","modified_gmt":"2025-01-17T21:32:35","slug":"motorista-de-58-anos-fica-ferido-em-tombamento-na-pr-151-em-sao-mateus-do-sul","status":"publish","type":"post","link":"https:\/\/radiostudiow.com.br\/site\/2025\/01\/17\/motorista-de-58-anos-fica-ferido-em-tombamento-na-pr-151-em-sao-mateus-do-sul\/","title":{"rendered":"Motorista de 58 anos fica ferido em tombamento na PR-151 em S\u00e3o Mateus do Sul"},"content":{"rendered":"\n<figure class=\"wp-block-image size-full\"><img loading=\"lazy\" decoding=\"async\" width=\"598\" height=\"204\" src=\"https:\/\/radiostudiow.com.br\/site\/wp-content\/uploads\/2025\/01\/SITE-MEDIO7.png\" alt=\"\" class=\"wp-image-32801\" srcset=\"https:\/\/radiostudiow.com.br\/site\/wp-content\/uploads\/2025\/01\/SITE-MEDIO7.png 598w, https:\/\/radiostudiow.com.br\/site\/wp-content\/uploads\/2025\/01\/SITE-MEDIO7-300x102.png 300w\" sizes=\"auto, (max-width: 598px) 100vw, 598px\" \/><\/figure>\n\n\n\n<p>Na manh\u00e3 desta sexta-feira, 17, foi registrado um acidente de tr\u00e2nsito na Rodovia PR-151, no km 470, em S\u00e3o Mateus do Sul, envolvendo o tombamento de um ve\u00edculo. O motorista, um homem de 58 anos, sofreu ferimentos moderados e foi encaminhado ao Pronto Atendimento da cidade pelo Corpo de Bombeiros.<\/p>\n\n\n\n<p>Segundo informa\u00e7\u00f5es, o condutor perdeu o controle do ve\u00edculo, saiu da pista e tombou. Apesar do susto, a v\u00edtima estava consciente e orientada no momento do resgate.<\/p>\n\n\n\n<p>A Pol\u00edcia Rodovi\u00e1ria esteve no local para organizar o tr\u00e1fego e investigar as causas do acidente. O estado de sa\u00fade do motorista n\u00e3o foi detalhado, mas os ferimentos foram classificados como moderados.<\/p>\n\n\n\n<p><\/p>\n\n\n\n<p><\/p>\n\n\n\n<figure class=\"wp-block-image size-full\"><img loading=\"lazy\" decoding=\"async\" width=\"900\" height=\"408\" src=\"https:\/\/radiostudiow.com.br\/site\/wp-content\/uploads\/2025\/01\/SITE-E-TV.png\" alt=\"\" class=\"wp-image-33052\" srcset=\"https:\/\/radiostudiow.com.br\/site\/wp-content\/uploads\/2025\/01\/SITE-E-TV.png 900w, https:\/\/radiostudiow.com.br\/site\/wp-content\/uploads\/2025\/01\/SITE-E-TV-300x136.png 300w, https:\/\/radiostudiow.com.br\/site\/wp-content\/uploads\/2025\/01\/SITE-E-TV-768x348.png 768w\" sizes=\"auto, (max-width: 900px) 100vw, 900px\" \/><\/figure>\n\n\n\n<p>Informa\u00e7\u00f5es: P97.com.br<\/p>\n","protected":false},"excerpt":{"rendered":"<p>Na manh\u00e3 desta sexta-feira, 17, foi registrado um acidente de tr\u00e2nsito na Rodovia PR-151, no km 470, em S\u00e3o Mateus do Sul, envolvendo o tombamento de um ve\u00edculo. O motorista, um homem de 58 anos, sofreu ferimentos moderados e foi encaminhado ao Pronto Atendimento da cidade pelo Corpo de Bombeiros. Segundo informa\u00e7\u00f5es, o condutor perdeu [&hellip;]<\/p>\n","protected":false},"author":2,"featured_media":33127,"comment_status":"open","ping_status":"open","sticky":false,"template":"","format":"standard","meta":{"footnotes":""},"categories":[7,185],"tags":[172],"class_list":["post-33121","post","type-post","status-publish","format-standard","has-post-thumbnail","hentry","category-geral","category-regional","tag-featured"],"amp_enabled":true,"_links":{"self":[{"href":"https:\/\/radiostudiow.com.br\/site\/wp-json\/wp\/v2\/posts\/33121","targetHints":{"allow":["GET"]}}],"collection":[{"href":"https:\/\/radiostudiow.com.br\/site\/wp-json\/wp\/v2\/posts"}],"about":[{"href":"https:\/\/radiostudiow.com.br\/site\/wp-json\/wp\/v2\/types\/post"}],"author":[{"embeddable":true,"href":"https:\/\/radiostudiow.com.br\/site\/wp-json\/wp\/v2\/users\/2"}],"replies":[{"embeddable":true,"href":"https:\/\/radiostudiow.com.br\/site\/wp-json\/wp\/v2\/comments?post=33121"}],"version-history":[{"count":1,"href":"https:\/\/radiostudiow.com.br\/site\/wp-json\/wp\/v2\/posts\/33121\/revisions"}],"predecessor-version":[{"id":33128,"href":"https:\/\/radiostudiow.com.br\/site\/wp-json\/wp\/v2\/posts\/33121\/revisions\/33128"}],"wp:featuredmedia":[{"embeddable":true,"href":"https:\/\/radiostudiow.com.br\/site\/wp-json\/wp\/v2\/media\/33127"}],"wp:attachment":[{"href":"https:\/\/radiostudiow.com.br\/site\/wp-json\/wp\/v2\/media?parent=33121"}],"wp:term":[{"taxonomy":"category","embeddable":true,"href":"https:\/\/radiostudiow.com.br\/site\/wp-json\/wp\/v2\/categories?post=33121"},{"taxonomy":"post_tag","embeddable":true,"href":"https:\/\/radiostudiow.com.br\/site\/wp-json\/wp\/v2\/tags?post=33121"}],"curies":[{"name":"wp","href":"https:\/\/api.w.org\/{rel}","templated":true}]}}