{"id":33130,"date":"2025-01-17T15:08:07","date_gmt":"2025-01-17T18:08:07","guid":{"rendered":"https:\/\/radiostudiow.com.br\/site\/?p=33130"},"modified":"2025-01-17T18:32:35","modified_gmt":"2025-01-17T21:32:35","slug":"prefeito-de-rio-azul-leandro-jasinski-assume-diretoria-da-amcespar-apos-ser-eleito-por-unanimidade","status":"publish","type":"post","link":"https:\/\/radiostudiow.com.br\/site\/2025\/01\/17\/prefeito-de-rio-azul-leandro-jasinski-assume-diretoria-da-amcespar-apos-ser-eleito-por-unanimidade\/","title":{"rendered":"Prefeito de Rio Azul Leandro Jasinski assume diretoria da Amcespar ap\u00f3s ser eleito por unanimidade"},"content":{"rendered":"\n<p><\/p>\n\n\n\n<p class=\"has-text-align-center\" style=\"font-size:22px\"><strong><em>Nova diretoria para o bi\u00eanio 2025-2026 inclui o prefeito de Irati Emiliano Gomes<\/em><\/strong> <strong><em>como vice-presidente e Dimas Vier, prefeito de In\u00e1cio Martins<\/em><\/strong>,<strong><em> como tesoureiro.<\/em><\/strong><\/p>\n\n\n\n<p class=\"has-text-align-center\" style=\"font-size:22px\"><\/p>\n\n\n\n<figure class=\"wp-block-image size-large\"><img loading=\"lazy\" decoding=\"async\" width=\"1024\" height=\"785\" src=\"https:\/\/radiostudiow.com.br\/site\/wp-content\/uploads\/2025\/01\/image-98-1024x785.png\" alt=\"\" class=\"wp-image-33131\" srcset=\"https:\/\/radiostudiow.com.br\/site\/wp-content\/uploads\/2025\/01\/image-98-1024x785.png 1024w, https:\/\/radiostudiow.com.br\/site\/wp-content\/uploads\/2025\/01\/image-98-300x230.png 300w, https:\/\/radiostudiow.com.br\/site\/wp-content\/uploads\/2025\/01\/image-98-768x589.png 768w, https:\/\/radiostudiow.com.br\/site\/wp-content\/uploads\/2025\/01\/image-98.png 1200w\" sizes=\"auto, (max-width: 1024px) 100vw, 1024px\" \/><\/figure>\n\n\n\n<p><\/p>\n\n\n\n<figure class=\"wp-block-image size-full\"><img loading=\"lazy\" decoding=\"async\" width=\"897\" height=\"204\" src=\"https:\/\/radiostudiow.com.br\/site\/wp-content\/uploads\/2024\/01\/SITE-GRANDE3.png\" alt=\"zaions\" class=\"wp-image-18936\" srcset=\"https:\/\/radiostudiow.com.br\/site\/wp-content\/uploads\/2024\/01\/SITE-GRANDE3.png 897w, https:\/\/radiostudiow.com.br\/site\/wp-content\/uploads\/2024\/01\/SITE-GRANDE3-300x68.png 300w, https:\/\/radiostudiow.com.br\/site\/wp-content\/uploads\/2024\/01\/SITE-GRANDE3-768x175.png 768w\" sizes=\"auto, (max-width: 897px) 100vw, 897px\" \/><\/figure>\n\n\n\n<p><\/p>\n\n\n\n<p>Leandro Jasinski, prefeito reeleito de Rio Azul, assumiu oficialmente a presid\u00eancia da Associa\u00e7\u00e3o dos Munic\u00edpios do Centro-Sul do Paran\u00e1 (Amcespar) na manh\u00e3 desta quinta-feira (16), durante uma cerim\u00f4nia realizada na sede da entidade, em Irati.<\/p>\n\n\n\n<p>Ele foi eleito de forma un\u00e2nime pelos dez prefeitos que comp\u00f5em a associa\u00e7\u00e3o, durante a \u00faltima reuni\u00e3o ordin\u00e1ria realizada em 12 de dezembro de 2024. Al\u00e9m disso, Leandro tamb\u00e9m assumir\u00e1 a presid\u00eancia do Cons\u00f3rcio Intermunicipal de Desenvolvimento Regional (Conder). A nova mesa diretora, que comandar\u00e1 a entidade at\u00e9 2026, \u00e9 composta ainda por Emiliano Gomes, prefeito de Irati, como vice-presidente, e Dimas Vier, prefeito de In\u00e1cio Martins, como tesoureiro.<\/p>\n\n\n\n<p>Outro destaque na nova composi\u00e7\u00e3o \u00e9 o prefeito de Rebou\u00e7as, La\u00e9rcio Cipriano, que passa a integrar a C\u00e2mara Permanente de Agricultura e Meio Ambiente da Amcespar.<\/p>\n\n\n\n<p><\/p>\n\n\n\n<figure class=\"wp-block-image size-full\"><img loading=\"lazy\" decoding=\"async\" width=\"598\" height=\"204\" src=\"https:\/\/radiostudiow.com.br\/site\/wp-content\/uploads\/2025\/01\/SITE-MEDIO3.png\" alt=\"\" class=\"wp-image-32815\" srcset=\"https:\/\/radiostudiow.com.br\/site\/wp-content\/uploads\/2025\/01\/SITE-MEDIO3.png 598w, https:\/\/radiostudiow.com.br\/site\/wp-content\/uploads\/2025\/01\/SITE-MEDIO3-300x102.png 300w\" sizes=\"auto, (max-width: 598px) 100vw, 598px\" \/><\/figure>\n\n\n\n<p><\/p>\n\n\n\n<p>Durante sua posse, Leandro enfatizou seu compromisso em atuar em parceria com os demais prefeitos e destacou os desafios da nova gest\u00e3o. Ele tamb\u00e9m mencionou a import\u00e2ncia de buscar o desenvolvimento regional integrado. \u201cVejo o entusiasmo e a dedica\u00e7\u00e3o de cada prefeito em trabalhar por seus munic\u00edpios e pela regi\u00e3o como um todo. Nosso objetivo \u00e9 garantir que todos avancem juntos na mesma dire\u00e7\u00e3o\u201d, afirmou.<\/p>\n\n\n\n<p>O ex-presidente Jorge Derbli, ao transmitir o cargo, pediu que a nova diretoria mantenha o foco na uni\u00e3o e no fortalecimento dos munic\u00edpios, por meio de projetos estrat\u00e9gicos. Ele tamb\u00e9m destacou conquistas alcan\u00e7adas durante sua gest\u00e3o, que devem ser concretizadas no pr\u00f3ximo bi\u00eanio. \u201cMesmo com diverg\u00eancias, trabalhem sempre em prol da regi\u00e3o\u201d, aconselhou.<\/p>\n\n\n\n<p class=\"has-medium-font-size\"><strong>PRIORIDADE AO SETOR RURAL<\/strong><\/p>\n\n\n\n<p>Leandro ressaltou que sua gest\u00e3o dar\u00e1 aten\u00e7\u00e3o especial ao setor rural, destacando a necessidade de resolver o problema das quedas constantes de energia nas \u00e1reas atendidas pela Copel. \u201cA Copel est\u00e1 disposta a colaborar conosco, mas \u00e9 fundamental que os munic\u00edpios comuniquem as oscila\u00e7\u00f5es para que sejam tomadas as provid\u00eancias adequadas\u201d, explicou.<\/p>\n\n\n\n<p class=\"has-medium-font-size\"><strong>BR-153 EM FOCO<\/strong><\/p>\n\n\n\n<p>Outro tema priorit\u00e1rio para a nova diretoria ser\u00e1 a revitaliza\u00e7\u00e3o da BR-153. Leandro destacou que j\u00e1 iniciou tratativas junto ao Minist\u00e9rio da Infraestrutura e Log\u00edstica, em parceria com o ex-presidente Jorge Derbli e outros prefeitos da regi\u00e3o. \u201cO ministro Renan Filho autorizou a elabora\u00e7\u00e3o dos projetos de revitaliza\u00e7\u00e3o e reforma do trecho da BR-153 que atravessa nossos munic\u00edpios, o que representa um avan\u00e7o importante para a regi\u00e3o\u201d, concluiu.<\/p>\n\n\n\n<p><\/p>\n\n\n\n<figure class=\"wp-block-image size-full\"><img loading=\"lazy\" decoding=\"async\" width=\"900\" height=\"205\" src=\"https:\/\/radiostudiow.com.br\/site\/wp-content\/uploads\/2024\/03\/bannertijolao-e1733625657395.jpg\" alt=\"\" class=\"wp-image-20494\" srcset=\"https:\/\/radiostudiow.com.br\/site\/wp-content\/uploads\/2024\/03\/bannertijolao-e1733625657395.jpg 900w, https:\/\/radiostudiow.com.br\/site\/wp-content\/uploads\/2024\/03\/bannertijolao-e1733625657395-300x68.jpg 300w, https:\/\/radiostudiow.com.br\/site\/wp-content\/uploads\/2024\/03\/bannertijolao-e1733625657395-768x175.jpg 768w\" sizes=\"auto, (max-width: 900px) 100vw, 900px\" \/><\/figure>\n\n\n\n<figure class=\"wp-block-image size-full\"><img loading=\"lazy\" decoding=\"async\" width=\"897\" height=\"204\" src=\"https:\/\/radiostudiow.com.br\/site\/wp-content\/uploads\/2024\/08\/TIJOLAO.png\" alt=\"\" class=\"wp-image-25951\" srcset=\"https:\/\/radiostudiow.com.br\/site\/wp-content\/uploads\/2024\/08\/TIJOLAO.png 897w, https:\/\/radiostudiow.com.br\/site\/wp-content\/uploads\/2024\/08\/TIJOLAO-300x68.png 300w, https:\/\/radiostudiow.com.br\/site\/wp-content\/uploads\/2024\/08\/TIJOLAO-768x175.png 768w\" sizes=\"auto, (max-width: 897px) 100vw, 897px\" \/><\/figure>\n\n\n\n<p><\/p>\n\n\n\n<figure class=\"wp-block-image size-large\"><img loading=\"lazy\" decoding=\"async\" width=\"768\" height=\"1024\" src=\"https:\/\/radiostudiow.com.br\/site\/wp-content\/uploads\/2025\/01\/NAJUA-JORGE-PASSA-CARGO-PARA-LEANDRO-768x1024.jpeg\" alt=\"\" class=\"wp-image-33132\" srcset=\"https:\/\/radiostudiow.com.br\/site\/wp-content\/uploads\/2025\/01\/NAJUA-JORGE-PASSA-CARGO-PARA-LEANDRO-768x1024.jpeg 768w, https:\/\/radiostudiow.com.br\/site\/wp-content\/uploads\/2025\/01\/NAJUA-JORGE-PASSA-CARGO-PARA-LEANDRO-225x300.jpeg 225w, https:\/\/radiostudiow.com.br\/site\/wp-content\/uploads\/2025\/01\/NAJUA-JORGE-PASSA-CARGO-PARA-LEANDRO-1152x1536.jpeg 1152w, https:\/\/radiostudiow.com.br\/site\/wp-content\/uploads\/2025\/01\/NAJUA-JORGE-PASSA-CARGO-PARA-LEANDRO.jpeg 1200w\" sizes=\"auto, (max-width: 768px) 100vw, 768px\" \/><\/figure>\n\n\n\n<p><\/p>\n\n\n\n<figure class=\"wp-block-image size-full\"><img loading=\"lazy\" decoding=\"async\" width=\"768\" height=\"576\" src=\"https:\/\/radiostudiow.com.br\/site\/wp-content\/uploads\/2025\/01\/NAJUA-LEANDRO-COM-FUNCIONARIOS-DA-AMCESPAR-768x576-1.jpeg\" alt=\"\" class=\"wp-image-33133\" srcset=\"https:\/\/radiostudiow.com.br\/site\/wp-content\/uploads\/2025\/01\/NAJUA-LEANDRO-COM-FUNCIONARIOS-DA-AMCESPAR-768x576-1.jpeg 768w, https:\/\/radiostudiow.com.br\/site\/wp-content\/uploads\/2025\/01\/NAJUA-LEANDRO-COM-FUNCIONARIOS-DA-AMCESPAR-768x576-1-300x225.jpeg 300w\" sizes=\"auto, (max-width: 768px) 100vw, 768px\" \/><\/figure>\n\n\n\n<p><\/p>\n\n\n\n<figure class=\"wp-block-image size-full\"><img decoding=\"async\" src=\"https:\/\/radiostudiow.com.br\/site\/wp-content\/uploads\/2024\/01\/SITE-GRANDE.png\" alt=\"\" class=\"wp-image-18949\"\/><\/figure>\n\n\n\n<p><\/p>\n\n\n\n<p>Fonte: Folha de Irati<\/p>\n\n\n\n<p>Fotos: Folha de Irati \/ R\u00e1dio Naju\u00e1<\/p>\n\n\n\n<p><\/p>\n","protected":false},"excerpt":{"rendered":"<p>Nova diretoria para o bi\u00eanio 2025-2026 inclui o prefeito de Irati Emiliano Gomes como vice-presidente e Dimas Vier, prefeito de In\u00e1cio Martins, como tesoureiro. Leandro Jasinski, prefeito reeleito de Rio Azul, assumiu oficialmente a presid\u00eancia da Associa\u00e7\u00e3o dos Munic\u00edpios do Centro-Sul do Paran\u00e1 (Amcespar) na manh\u00e3 desta quinta-feira (16), durante uma cerim\u00f4nia realizada na sede [&hellip;]<\/p>\n","protected":false},"author":2,"featured_media":33131,"comment_status":"open","ping_status":"open","sticky":false,"template":"","format":"standard","meta":{"footnotes":""},"categories":[7,185],"tags":[172],"class_list":["post-33130","post","type-post","status-publish","format-standard","has-post-thumbnail","hentry","category-geral","category-regional","tag-featured"],"amp_enabled":true,"_links":{"self":[{"href":"https:\/\/radiostudiow.com.br\/site\/wp-json\/wp\/v2\/posts\/33130","targetHints":{"allow":["GET"]}}],"collection":[{"href":"https:\/\/radiostudiow.com.br\/site\/wp-json\/wp\/v2\/posts"}],"about":[{"href":"https:\/\/radiostudiow.com.br\/site\/wp-json\/wp\/v2\/types\/post"}],"author":[{"embeddable":true,"href":"https:\/\/radiostudiow.com.br\/site\/wp-json\/wp\/v2\/users\/2"}],"replies":[{"embeddable":true,"href":"https:\/\/radiostudiow.com.br\/site\/wp-json\/wp\/v2\/comments?post=33130"}],"version-history":[{"count":2,"href":"https:\/\/radiostudiow.com.br\/site\/wp-json\/wp\/v2\/posts\/33130\/revisions"}],"predecessor-version":[{"id":33135,"href":"https:\/\/radiostudiow.com.br\/site\/wp-json\/wp\/v2\/posts\/33130\/revisions\/33135"}],"wp:featuredmedia":[{"embeddable":true,"href":"https:\/\/radiostudiow.com.br\/site\/wp-json\/wp\/v2\/media\/33131"}],"wp:attachment":[{"href":"https:\/\/radiostudiow.com.br\/site\/wp-json\/wp\/v2\/media?parent=33130"}],"wp:term":[{"taxonomy":"category","embeddable":true,"href":"https:\/\/radiostudiow.com.br\/site\/wp-json\/wp\/v2\/categories?post=33130"},{"taxonomy":"post_tag","embeddable":true,"href":"https:\/\/radiostudiow.com.br\/site\/wp-json\/wp\/v2\/tags?post=33130"}],"curies":[{"name":"wp","href":"https:\/\/api.w.org\/{rel}","templated":true}]}}