{"id":33136,"date":"2025-01-17T16:59:02","date_gmt":"2025-01-17T19:59:02","guid":{"rendered":"https:\/\/radiostudiow.com.br\/site\/?p=33136"},"modified":"2025-01-17T18:32:35","modified_gmt":"2025-01-17T21:32:35","slug":"cota-unica-e-primeira-parcela-do-ipva-vencem-na-proxima-semana","status":"publish","type":"post","link":"https:\/\/radiostudiow.com.br\/site\/2025\/01\/17\/cota-unica-e-primeira-parcela-do-ipva-vencem-na-proxima-semana\/","title":{"rendered":"Cota \u00fanica e primeira parcela do IPVA vencem na pr\u00f3xima semana"},"content":{"rendered":"\n<p><\/p>\n\n\n\n<p class=\"has-text-align-center\" style=\"font-size:23px\"><strong><em>Em ambos os casos, os vencimentos acontecem entre os dias 20 e 24 de janeiro, variando de acordo com o final da placa do ve\u00edculo. Pagamento em cota \u00fanica garante desconto de 6% no valor total do imposto.<\/em><\/strong><\/p>\n\n\n\n<figure class=\"wp-block-image size-full\"><img loading=\"lazy\" decoding=\"async\" width=\"750\" height=\"500\" src=\"https:\/\/radiostudiow.com.br\/site\/wp-content\/uploads\/2025\/01\/06.jpg\" alt=\"\" class=\"wp-image-33138\" srcset=\"https:\/\/radiostudiow.com.br\/site\/wp-content\/uploads\/2025\/01\/06.jpg 750w, https:\/\/radiostudiow.com.br\/site\/wp-content\/uploads\/2025\/01\/06-300x200.jpg 300w\" sizes=\"auto, (max-width: 750px) 100vw, 750px\" \/><\/figure>\n\n\n\n<p><\/p>\n\n\n\n<figure class=\"wp-block-image size-full\"><img loading=\"lazy\" decoding=\"async\" width=\"897\" height=\"204\" src=\"https:\/\/radiostudiow.com.br\/site\/wp-content\/uploads\/2024\/01\/SITE-GRANDE3.png\" alt=\"zaions\" class=\"wp-image-18936\" srcset=\"https:\/\/radiostudiow.com.br\/site\/wp-content\/uploads\/2024\/01\/SITE-GRANDE3.png 897w, https:\/\/radiostudiow.com.br\/site\/wp-content\/uploads\/2024\/01\/SITE-GRANDE3-300x68.png 300w, https:\/\/radiostudiow.com.br\/site\/wp-content\/uploads\/2024\/01\/SITE-GRANDE3-768x175.png 768w\" sizes=\"auto, (max-width: 897px) 100vw, 897px\" \/><\/figure>\n\n\n\n<p>Os donos de ve\u00edculos de todo o Paran\u00e1 precisam ficar atentos \u00e0s datas. Encerra na pr\u00f3xima semana o prazo para o pagamento em cota \u00fanica do Imposto sobre a Propriedade de Ve\u00edculo Automotor (IPVA) 2025. E quem vai optar pelo parcelamento tamb\u00e9m precisa se atentar, j\u00e1 que a primeira parcela tamb\u00e9m vence nos pr\u00f3ximos dias.<\/p>\n\n\n\n<p>Em ambos os casos, os vencimentos acontecem entre os dias 20 e 24 de janeiro, variando de acordo com o final da placa do ve\u00edculo.<\/p>\n\n\n\n<p>No caso do pagamento em cota \u00fanica, o propriet\u00e1rio ainda conta com desconto de 6% no valor total do imposto. Tamb\u00e9m \u00e9 poss\u00edvel pagar o IPVA 2025 com cart\u00e3o de cr\u00e9dito, o que permite parcelar os d\u00e9bitos em at\u00e9 12 vezes \u2014 sujeitas, neste caso, a juros aplicados pela institui\u00e7\u00e3o emissora dos cart\u00f5es.&nbsp;<\/p>\n\n\n\n<p>Para 2025, a Receita Estadual lan\u00e7ou um total de R$ 6,78 bilh\u00f5es sobre uma frota tribut\u00e1vel de mais de 4 milh\u00f5es de ve\u00edculos. Pela legisla\u00e7\u00e3o, metade do valor arrecadado com o imposto \u00e9 repassado aos munic\u00edpios de emplacamento e o restante \u00e9 usado pelo Estado para o financiamento de obras e custeio de atividades das \u00e1reas de sa\u00fade, educa\u00e7\u00e3o e seguran\u00e7a p\u00fablica.<\/p>\n\n\n\n<p><strong>\u00daNICO DESCONTO<\/strong> \u2013 O gerente do IPVA da Receita Estadual, Leonardo Marcon, destaca o desconto de 6% como o principal atrativo para o pagamento do imposto em cota \u00fanica. \u201cO pagamento \u00e0 vista \u00e9 a \u00fanica forma de aproveitar esse desconto\u201d, afirma. \u201cAo longo das \u00faltimas semanas, vimos mensagens falsas nas redes sociais sobre supostos programas e maneiras de pagar menos, mas refor\u00e7amos que o \u00fanico desconto oferecido no Paran\u00e1 s\u00e3o esses 6% para quem pagar em cota \u00fanica\u201d.<\/p>\n\n\n\n<figure class=\"wp-block-gallery has-nested-images columns-default is-cropped wp-block-gallery-1 is-layout-flex wp-block-gallery-is-layout-flex\">\n<figure class=\"wp-block-image size-large\"><img loading=\"lazy\" decoding=\"async\" width=\"300\" height=\"180\" data-id=\"32833\" src=\"https:\/\/radiostudiow.com.br\/site\/wp-content\/uploads\/2025\/01\/SITE-PEQUENO.png\" alt=\"\" class=\"wp-image-32833\"\/><\/figure>\n\n\n\n<figure class=\"wp-block-image size-large\"><img loading=\"lazy\" decoding=\"async\" width=\"300\" height=\"180\" data-id=\"32851\" src=\"https:\/\/radiostudiow.com.br\/site\/wp-content\/uploads\/2025\/01\/SITE-PEQUENO3.png\" alt=\"\" class=\"wp-image-32851\"\/><\/figure>\n\n\n\n<figure class=\"wp-block-image size-large\"><img loading=\"lazy\" decoding=\"async\" width=\"300\" height=\"180\" data-id=\"32894\" src=\"https:\/\/radiostudiow.com.br\/site\/wp-content\/uploads\/2025\/01\/SITE-PEQUENO2.png\" alt=\"\" class=\"wp-image-32894\"\/><\/figure>\n<\/figure>\n\n\n\n<p><\/p>\n\n\n\n<p><strong>Os prazos tanto para cota \u00fanica quanto a primeira parcela do imposto se encerram nas seguintes datas:<\/strong><\/p>\n\n\n\n<figure class=\"wp-block-image size-large\"><img loading=\"lazy\" decoding=\"async\" width=\"1024\" height=\"576\" src=\"https:\/\/radiostudiow.com.br\/site\/wp-content\/uploads\/2025\/01\/07-1024x576.jpg\" alt=\"\" class=\"wp-image-33137\" srcset=\"https:\/\/radiostudiow.com.br\/site\/wp-content\/uploads\/2025\/01\/07-1024x576.jpg 1024w, https:\/\/radiostudiow.com.br\/site\/wp-content\/uploads\/2025\/01\/07-300x169.jpg 300w, https:\/\/radiostudiow.com.br\/site\/wp-content\/uploads\/2025\/01\/07-768x432.jpg 768w, https:\/\/radiostudiow.com.br\/site\/wp-content\/uploads\/2025\/01\/07-1536x864.jpg 1536w, https:\/\/radiostudiow.com.br\/site\/wp-content\/uploads\/2025\/01\/07.jpg 1920w\" sizes=\"auto, (max-width: 1024px) 100vw, 1024px\" \/><\/figure>\n\n\n\n<p><\/p>\n\n\n\n<figure class=\"wp-block-image size-full\"><img loading=\"lazy\" decoding=\"async\" width=\"900\" height=\"205\" src=\"https:\/\/radiostudiow.com.br\/site\/wp-content\/uploads\/2024\/03\/bannertijolao-e1733625657395.jpg\" alt=\"\" class=\"wp-image-20494\" srcset=\"https:\/\/radiostudiow.com.br\/site\/wp-content\/uploads\/2024\/03\/bannertijolao-e1733625657395.jpg 900w, https:\/\/radiostudiow.com.br\/site\/wp-content\/uploads\/2024\/03\/bannertijolao-e1733625657395-300x68.jpg 300w, https:\/\/radiostudiow.com.br\/site\/wp-content\/uploads\/2024\/03\/bannertijolao-e1733625657395-768x175.jpg 768w\" sizes=\"auto, (max-width: 900px) 100vw, 900px\" \/><\/figure>\n\n\n\n<figure class=\"wp-block-image size-full\"><img loading=\"lazy\" decoding=\"async\" width=\"897\" height=\"204\" src=\"https:\/\/radiostudiow.com.br\/site\/wp-content\/uploads\/2024\/08\/TIJOLAO.png\" alt=\"\" class=\"wp-image-25951\" srcset=\"https:\/\/radiostudiow.com.br\/site\/wp-content\/uploads\/2024\/08\/TIJOLAO.png 897w, https:\/\/radiostudiow.com.br\/site\/wp-content\/uploads\/2024\/08\/TIJOLAO-300x68.png 300w, https:\/\/radiostudiow.com.br\/site\/wp-content\/uploads\/2024\/08\/TIJOLAO-768x175.png 768w\" sizes=\"auto, (max-width: 897px) 100vw, 897px\" \/><\/figure>\n","protected":false},"excerpt":{"rendered":"<p>Em ambos os casos, os vencimentos acontecem entre os dias 20 e 24 de janeiro, variando de acordo com o final da placa do ve\u00edculo. Pagamento em cota \u00fanica garante desconto de 6% no valor total do imposto. Os donos de ve\u00edculos de todo o Paran\u00e1 precisam ficar atentos \u00e0s datas. Encerra na pr\u00f3xima semana [&hellip;]<\/p>\n","protected":false},"author":2,"featured_media":33138,"comment_status":"open","ping_status":"open","sticky":false,"template":"","format":"standard","meta":{"footnotes":""},"categories":[7],"tags":[172],"class_list":["post-33136","post","type-post","status-publish","format-standard","has-post-thumbnail","hentry","category-geral","tag-featured"],"amp_enabled":true,"_links":{"self":[{"href":"https:\/\/radiostudiow.com.br\/site\/wp-json\/wp\/v2\/posts\/33136","targetHints":{"allow":["GET"]}}],"collection":[{"href":"https:\/\/radiostudiow.com.br\/site\/wp-json\/wp\/v2\/posts"}],"about":[{"href":"https:\/\/radiostudiow.com.br\/site\/wp-json\/wp\/v2\/types\/post"}],"author":[{"embeddable":true,"href":"https:\/\/radiostudiow.com.br\/site\/wp-json\/wp\/v2\/users\/2"}],"replies":[{"embeddable":true,"href":"https:\/\/radiostudiow.com.br\/site\/wp-json\/wp\/v2\/comments?post=33136"}],"version-history":[{"count":1,"href":"https:\/\/radiostudiow.com.br\/site\/wp-json\/wp\/v2\/posts\/33136\/revisions"}],"predecessor-version":[{"id":33139,"href":"https:\/\/radiostudiow.com.br\/site\/wp-json\/wp\/v2\/posts\/33136\/revisions\/33139"}],"wp:featuredmedia":[{"embeddable":true,"href":"https:\/\/radiostudiow.com.br\/site\/wp-json\/wp\/v2\/media\/33138"}],"wp:attachment":[{"href":"https:\/\/radiostudiow.com.br\/site\/wp-json\/wp\/v2\/media?parent=33136"}],"wp:term":[{"taxonomy":"category","embeddable":true,"href":"https:\/\/radiostudiow.com.br\/site\/wp-json\/wp\/v2\/categories?post=33136"},{"taxonomy":"post_tag","embeddable":true,"href":"https:\/\/radiostudiow.com.br\/site\/wp-json\/wp\/v2\/tags?post=33136"}],"curies":[{"name":"wp","href":"https:\/\/api.w.org\/{rel}","templated":true}]}}