{"id":33167,"date":"2025-01-18T13:42:07","date_gmt":"2025-01-18T16:42:07","guid":{"rendered":"https:\/\/radiostudiow.com.br\/site\/?p=33167"},"modified":"2025-01-18T14:02:13","modified_gmt":"2025-01-18T17:02:13","slug":"casa-e-alvo-de-furto-em-paulo-frontin-fiacao-eletrica-foi-levada","status":"publish","type":"post","link":"https:\/\/radiostudiow.com.br\/site\/2025\/01\/18\/casa-e-alvo-de-furto-em-paulo-frontin-fiacao-eletrica-foi-levada\/","title":{"rendered":"Casa \u00e9 alvo de furto em Paulo Frontin; fia\u00e7\u00e3o el\u00e9trica foi levada"},"content":{"rendered":"\n<figure class=\"wp-block-image size-large\"><img decoding=\"async\" src=\"https:\/\/radiostudiow.com.br\/site\/wp-content\/uploads\/2025\/01\/anigif_medio_ok-1024x213.gif\" alt=\"\" class=\"wp-image-32977\"\/><\/figure>\n\n\n\n<p><\/p>\n\n\n\n<p class=\"has-medium-font-size\">Na tarde desta sexta-feira (17), um homem compareceu ao Destacamento Policial de Paulo Frontin para registrar um boletim de ocorr\u00eancia relacionado a um furto ocorrido em sua resid\u00eancia. Segundo o relato, ao visitar o im\u00f3vel, percebeu que a fechadura da porta principal havia sido for\u00e7ada, indicando sinais claros de arrombamento.<\/p>\n\n\n\n<p class=\"has-medium-font-size\">Ao entrar na casa, a v\u00edtima constatou que toda a fia\u00e7\u00e3o el\u00e9trica havia sido furtada. O propriet\u00e1rio ainda conversou com vizinhos na tentativa de obter informa\u00e7\u00f5es, mas nenhum deles relatou ter notado qualquer movimenta\u00e7\u00e3o suspeita nos arredores.<\/p>\n\n\n\n<p class=\"has-medium-font-size\">A pol\u00edcia est\u00e1 investigando o caso, e at\u00e9 o momento n\u00e3o h\u00e1 informa\u00e7\u00f5es sobre suspeitos ou testemunhas que possam auxiliar na identifica\u00e7\u00e3o dos respons\u00e1veis pelo crime. A popula\u00e7\u00e3o \u00e9 incentivada a colaborar com as autoridades e a denunciar qualquer atividade suspeita por meio dos canais oficiais de den\u00fancia.<\/p>\n\n\n\n<figure class=\"wp-block-image size-full\"><img loading=\"lazy\" decoding=\"async\" width=\"897\" height=\"204\" src=\"https:\/\/radiostudiow.com.br\/site\/wp-content\/uploads\/2024\/01\/SITE-GRANDE3.png\" alt=\"zaions\" class=\"wp-image-18936\" srcset=\"https:\/\/radiostudiow.com.br\/site\/wp-content\/uploads\/2024\/01\/SITE-GRANDE3.png 897w, https:\/\/radiostudiow.com.br\/site\/wp-content\/uploads\/2024\/01\/SITE-GRANDE3-300x68.png 300w, https:\/\/radiostudiow.com.br\/site\/wp-content\/uploads\/2024\/01\/SITE-GRANDE3-768x175.png 768w\" sizes=\"auto, (max-width: 897px) 100vw, 897px\" \/><\/figure>\n","protected":false},"excerpt":{"rendered":"<p>Na tarde desta sexta-feira (17), um homem compareceu ao Destacamento Policial de Paulo Frontin para registrar um boletim de ocorr\u00eancia relacionado a um furto ocorrido em sua resid\u00eancia. Segundo o relato, ao visitar o im\u00f3vel, percebeu que a fechadura da porta principal havia sido for\u00e7ada, indicando sinais claros de arrombamento. Ao entrar na casa, a [&hellip;]<\/p>\n","protected":false},"author":2,"featured_media":20240,"comment_status":"open","ping_status":"open","sticky":false,"template":"","format":"standard","meta":{"footnotes":""},"categories":[2,185],"tags":[172],"class_list":["post-33167","post","type-post","status-publish","format-standard","has-post-thumbnail","hentry","category-policial","category-regional","tag-featured"],"amp_enabled":true,"_links":{"self":[{"href":"https:\/\/radiostudiow.com.br\/site\/wp-json\/wp\/v2\/posts\/33167","targetHints":{"allow":["GET"]}}],"collection":[{"href":"https:\/\/radiostudiow.com.br\/site\/wp-json\/wp\/v2\/posts"}],"about":[{"href":"https:\/\/radiostudiow.com.br\/site\/wp-json\/wp\/v2\/types\/post"}],"author":[{"embeddable":true,"href":"https:\/\/radiostudiow.com.br\/site\/wp-json\/wp\/v2\/users\/2"}],"replies":[{"embeddable":true,"href":"https:\/\/radiostudiow.com.br\/site\/wp-json\/wp\/v2\/comments?post=33167"}],"version-history":[{"count":2,"href":"https:\/\/radiostudiow.com.br\/site\/wp-json\/wp\/v2\/posts\/33167\/revisions"}],"predecessor-version":[{"id":33176,"href":"https:\/\/radiostudiow.com.br\/site\/wp-json\/wp\/v2\/posts\/33167\/revisions\/33176"}],"wp:featuredmedia":[{"embeddable":true,"href":"https:\/\/radiostudiow.com.br\/site\/wp-json\/wp\/v2\/media\/20240"}],"wp:attachment":[{"href":"https:\/\/radiostudiow.com.br\/site\/wp-json\/wp\/v2\/media?parent=33167"}],"wp:term":[{"taxonomy":"category","embeddable":true,"href":"https:\/\/radiostudiow.com.br\/site\/wp-json\/wp\/v2\/categories?post=33167"},{"taxonomy":"post_tag","embeddable":true,"href":"https:\/\/radiostudiow.com.br\/site\/wp-json\/wp\/v2\/tags?post=33167"}],"curies":[{"name":"wp","href":"https:\/\/api.w.org\/{rel}","templated":true}]}}