{"id":33168,"date":"2025-01-18T14:30:29","date_gmt":"2025-01-18T17:30:29","guid":{"rendered":"https:\/\/radiostudiow.com.br\/site\/?p=33168"},"modified":"2025-01-18T14:30:30","modified_gmt":"2025-01-18T17:30:30","slug":"familia-e-rendida-por-criminosos-armados-durante-assalto-em-general-carneiro","status":"publish","type":"post","link":"https:\/\/radiostudiow.com.br\/site\/2025\/01\/18\/familia-e-rendida-por-criminosos-armados-durante-assalto-em-general-carneiro\/","title":{"rendered":"Fam\u00edlia \u00e9 rendida por criminosos armados durante assalto em General Carneiro"},"content":{"rendered":"\n<p class=\"has-text-align-center\" style=\"font-size:25px\"><strong><em>Quadrilha invade resid\u00eancia no bairro Planalto, amarra v\u00edtimas e foge sem ser identificada<\/em><\/strong><\/p>\n\n\n\n<p><\/p>\n\n\n\n<figure class=\"wp-block-image size-full\"><img loading=\"lazy\" decoding=\"async\" width=\"900\" height=\"408\" src=\"https:\/\/radiostudiow.com.br\/site\/wp-content\/uploads\/2025\/01\/SITE-E-TV.png\" alt=\"\" class=\"wp-image-33052\" srcset=\"https:\/\/radiostudiow.com.br\/site\/wp-content\/uploads\/2025\/01\/SITE-E-TV.png 900w, https:\/\/radiostudiow.com.br\/site\/wp-content\/uploads\/2025\/01\/SITE-E-TV-300x136.png 300w, https:\/\/radiostudiow.com.br\/site\/wp-content\/uploads\/2025\/01\/SITE-E-TV-768x348.png 768w\" sizes=\"auto, (max-width: 900px) 100vw, 900px\" \/><\/figure>\n\n\n\n<p><\/p>\n\n\n\n<p class=\"has-medium-font-size\">Na noite desta sexta-feira (17), por volta das 21h46, um grave caso de roubo foi registrado no bairro Planalto, em General Carneiro. Segundo informa\u00e7\u00f5es da Pol\u00edcia Militar, quatro indiv\u00edduos armados invadiram uma resid\u00eancia, rendendo uma fam\u00edlia sob a mira de uma arma de fogo.<\/p>\n\n\n\n<p class=\"has-medium-font-size\">De acordo com o relato das v\u00edtimas, os criminosos exigiram uma grande quantia em dinheiro enquanto mantinham todos amarrados dentro da casa. A a\u00e7\u00e3o dos suspeitos foi r\u00e1pida e violenta, causando momentos de grande tens\u00e3o para os moradores.<\/p>\n\n\n\n<p class=\"has-medium-font-size\">Ap\u00f3s subtra\u00edrem o que procuravam, os autores fugiram do local, deixando a fam\u00edlia presa e impossibilitada de buscar ajuda imediatamente. Assim que a Pol\u00edcia Militar foi acionada, equipes iniciaram patrulhamentos pela regi\u00e3o e levantaram imagens de c\u00e2meras de seguran\u00e7a pr\u00f3ximas, mas, at\u00e9 o momento, os suspeitos n\u00e3o foram identificados.<\/p>\n\n\n\n<p class=\"has-medium-font-size\">A pol\u00edcia segue investigando o caso e pede que qualquer informa\u00e7\u00e3o que possa ajudar na localiza\u00e7\u00e3o dos respons\u00e1veis seja repassada anonimamente pelo telefone 190 ou pelo Disque-Den\u00fancia.<\/p>\n\n\n\n<p><\/p>\n\n\n\n<p><\/p>\n\n\n\n<figure class=\"wp-block-image size-full\"><img loading=\"lazy\" decoding=\"async\" width=\"598\" height=\"204\" src=\"https:\/\/radiostudiow.com.br\/site\/wp-content\/uploads\/2024\/01\/SITE-MEDIO.png\" alt=\"\" class=\"wp-image-18916\" srcset=\"https:\/\/radiostudiow.com.br\/site\/wp-content\/uploads\/2024\/01\/SITE-MEDIO.png 598w, https:\/\/radiostudiow.com.br\/site\/wp-content\/uploads\/2024\/01\/SITE-MEDIO-300x102.png 300w\" sizes=\"auto, (max-width: 598px) 100vw, 598px\" \/><\/figure>\n","protected":false},"excerpt":{"rendered":"<p>Quadrilha invade resid\u00eancia no bairro Planalto, amarra v\u00edtimas e foge sem ser identificada Na noite desta sexta-feira (17), por volta das 21h46, um grave caso de roubo foi registrado no bairro Planalto, em General Carneiro. Segundo informa\u00e7\u00f5es da Pol\u00edcia Militar, quatro indiv\u00edduos armados invadiram uma resid\u00eancia, rendendo uma fam\u00edlia sob a mira de uma arma [&hellip;]<\/p>\n","protected":false},"author":2,"featured_media":11361,"comment_status":"open","ping_status":"open","sticky":false,"template":"","format":"standard","meta":{"footnotes":""},"categories":[2,185],"tags":[172],"class_list":["post-33168","post","type-post","status-publish","format-standard","has-post-thumbnail","hentry","category-policial","category-regional","tag-featured"],"amp_enabled":true,"_links":{"self":[{"href":"https:\/\/radiostudiow.com.br\/site\/wp-json\/wp\/v2\/posts\/33168","targetHints":{"allow":["GET"]}}],"collection":[{"href":"https:\/\/radiostudiow.com.br\/site\/wp-json\/wp\/v2\/posts"}],"about":[{"href":"https:\/\/radiostudiow.com.br\/site\/wp-json\/wp\/v2\/types\/post"}],"author":[{"embeddable":true,"href":"https:\/\/radiostudiow.com.br\/site\/wp-json\/wp\/v2\/users\/2"}],"replies":[{"embeddable":true,"href":"https:\/\/radiostudiow.com.br\/site\/wp-json\/wp\/v2\/comments?post=33168"}],"version-history":[{"count":1,"href":"https:\/\/radiostudiow.com.br\/site\/wp-json\/wp\/v2\/posts\/33168\/revisions"}],"predecessor-version":[{"id":33183,"href":"https:\/\/radiostudiow.com.br\/site\/wp-json\/wp\/v2\/posts\/33168\/revisions\/33183"}],"wp:featuredmedia":[{"embeddable":true,"href":"https:\/\/radiostudiow.com.br\/site\/wp-json\/wp\/v2\/media\/11361"}],"wp:attachment":[{"href":"https:\/\/radiostudiow.com.br\/site\/wp-json\/wp\/v2\/media?parent=33168"}],"wp:term":[{"taxonomy":"category","embeddable":true,"href":"https:\/\/radiostudiow.com.br\/site\/wp-json\/wp\/v2\/categories?post=33168"},{"taxonomy":"post_tag","embeddable":true,"href":"https:\/\/radiostudiow.com.br\/site\/wp-json\/wp\/v2\/tags?post=33168"}],"curies":[{"name":"wp","href":"https:\/\/api.w.org\/{rel}","templated":true}]}}