{"id":33170,"date":"2025-01-18T14:09:40","date_gmt":"2025-01-18T17:09:40","guid":{"rendered":"https:\/\/radiostudiow.com.br\/site\/?p=33170"},"modified":"2025-01-18T14:39:12","modified_gmt":"2025-01-18T17:39:12","slug":"carreta-pega-fogo-na-br-476-na-regiao-do-limoeiro-em-sao-mateus-do-sul","status":"publish","type":"post","link":"https:\/\/radiostudiow.com.br\/site\/2025\/01\/18\/carreta-pega-fogo-na-br-476-na-regiao-do-limoeiro-em-sao-mateus-do-sul\/","title":{"rendered":"Carreta pega fogo na BR-476, na regi\u00e3o do Limoeiro em S\u00e3o Mateus do Sul"},"content":{"rendered":"\n<p><\/p>\n\n\n\n<figure class=\"wp-block-image size-full\"><img decoding=\"async\" src=\"https:\/\/radiostudiow.com.br\/site\/wp-content\/uploads\/2024\/01\/SITE-GRANDE.png\" alt=\"\" class=\"wp-image-18949\"\/><\/figure>\n\n\n\n<p><\/p>\n\n\n\n<p class=\"has-medium-font-size\">O Corpo de Bombeiros de S\u00e3o Mateus do Sul atendeu no in\u00edcio da noite de sexta-feira (17), uma ocorr\u00eancia de inc\u00eandio em meio de transporte, de uma carreta Rodofort.<\/p>\n\n\n\n<p class=\"has-medium-font-size\">O inc\u00eandio aconteceu na BR-476, Rodovia do Xisto, regi\u00e3o conhecida como Limoeiro.<\/p>\n\n\n\n<p class=\"has-medium-font-size\">Apesar dos danos materiais, ningu\u00e9m ficou ferido. Assista abaixo ao v\u00eddeo feito por um motorista que passava pelo local no momento da ocorr\u00eancia:<\/p>\n\n\n\n<figure class=\"wp-block-video\"><video height=\"850\" style=\"aspect-ratio: 478 \/ 850;\" width=\"478\" autoplay controls loop muted src=\"https:\/\/radiostudiow.com.br\/site\/wp-content\/uploads\/2025\/01\/carretafogo.mp4\" playsinline><\/video><\/figure>\n\n\n\n<p>Fonte: VVale<\/p>\n\n\n\n<p><\/p>\n\n\n\n<figure class=\"wp-block-image size-full\"><img loading=\"lazy\" decoding=\"async\" width=\"900\" height=\"205\" src=\"https:\/\/radiostudiow.com.br\/site\/wp-content\/uploads\/2024\/03\/bannertijolao-e1733625657395.jpg\" alt=\"\" class=\"wp-image-20494\" srcset=\"https:\/\/radiostudiow.com.br\/site\/wp-content\/uploads\/2024\/03\/bannertijolao-e1733625657395.jpg 900w, https:\/\/radiostudiow.com.br\/site\/wp-content\/uploads\/2024\/03\/bannertijolao-e1733625657395-300x68.jpg 300w, https:\/\/radiostudiow.com.br\/site\/wp-content\/uploads\/2024\/03\/bannertijolao-e1733625657395-768x175.jpg 768w\" sizes=\"auto, (max-width: 900px) 100vw, 900px\" \/><\/figure>\n\n\n\n<figure class=\"wp-block-image size-full\"><img loading=\"lazy\" decoding=\"async\" width=\"897\" height=\"204\" src=\"https:\/\/radiostudiow.com.br\/site\/wp-content\/uploads\/2024\/08\/TIJOLAO.png\" alt=\"\" class=\"wp-image-25951\" srcset=\"https:\/\/radiostudiow.com.br\/site\/wp-content\/uploads\/2024\/08\/TIJOLAO.png 897w, https:\/\/radiostudiow.com.br\/site\/wp-content\/uploads\/2024\/08\/TIJOLAO-300x68.png 300w, https:\/\/radiostudiow.com.br\/site\/wp-content\/uploads\/2024\/08\/TIJOLAO-768x175.png 768w\" sizes=\"auto, (max-width: 897px) 100vw, 897px\" \/><\/figure>\n","protected":false},"excerpt":{"rendered":"<p>O Corpo de Bombeiros de S\u00e3o Mateus do Sul atendeu no in\u00edcio da noite de sexta-feira (17), uma ocorr\u00eancia de inc\u00eandio em meio de transporte, de uma carreta Rodofort. O inc\u00eandio aconteceu na BR-476, Rodovia do Xisto, regi\u00e3o conhecida como Limoeiro. Apesar dos danos materiais, ningu\u00e9m ficou ferido. Assista abaixo ao v\u00eddeo feito por um [&hellip;]<\/p>\n","protected":false},"author":2,"featured_media":33180,"comment_status":"open","ping_status":"open","sticky":false,"template":"","format":"standard","meta":{"footnotes":""},"categories":[7,185],"tags":[172],"class_list":["post-33170","post","type-post","status-publish","format-standard","has-post-thumbnail","hentry","category-geral","category-regional","tag-featured"],"amp_enabled":true,"_links":{"self":[{"href":"https:\/\/radiostudiow.com.br\/site\/wp-json\/wp\/v2\/posts\/33170","targetHints":{"allow":["GET"]}}],"collection":[{"href":"https:\/\/radiostudiow.com.br\/site\/wp-json\/wp\/v2\/posts"}],"about":[{"href":"https:\/\/radiostudiow.com.br\/site\/wp-json\/wp\/v2\/types\/post"}],"author":[{"embeddable":true,"href":"https:\/\/radiostudiow.com.br\/site\/wp-json\/wp\/v2\/users\/2"}],"replies":[{"embeddable":true,"href":"https:\/\/radiostudiow.com.br\/site\/wp-json\/wp\/v2\/comments?post=33170"}],"version-history":[{"count":3,"href":"https:\/\/radiostudiow.com.br\/site\/wp-json\/wp\/v2\/posts\/33170\/revisions"}],"predecessor-version":[{"id":33182,"href":"https:\/\/radiostudiow.com.br\/site\/wp-json\/wp\/v2\/posts\/33170\/revisions\/33182"}],"wp:featuredmedia":[{"embeddable":true,"href":"https:\/\/radiostudiow.com.br\/site\/wp-json\/wp\/v2\/media\/33180"}],"wp:attachment":[{"href":"https:\/\/radiostudiow.com.br\/site\/wp-json\/wp\/v2\/media?parent=33170"}],"wp:term":[{"taxonomy":"category","embeddable":true,"href":"https:\/\/radiostudiow.com.br\/site\/wp-json\/wp\/v2\/categories?post=33170"},{"taxonomy":"post_tag","embeddable":true,"href":"https:\/\/radiostudiow.com.br\/site\/wp-json\/wp\/v2\/tags?post=33170"}],"curies":[{"name":"wp","href":"https:\/\/api.w.org\/{rel}","templated":true}]}}