{"id":33171,"date":"2025-01-18T15:35:29","date_gmt":"2025-01-18T18:35:29","guid":{"rendered":"https:\/\/radiostudiow.com.br\/site\/?p=33171"},"modified":"2025-01-18T15:35:29","modified_gmt":"2025-01-18T18:35:29","slug":"caminhoneiro-fica-ferido-apos-caminhao-tombar-na-br-153-em-reboucas","status":"publish","type":"post","link":"https:\/\/radiostudiow.com.br\/site\/2025\/01\/18\/caminhoneiro-fica-ferido-apos-caminhao-tombar-na-br-153-em-reboucas\/","title":{"rendered":"Caminhoneiro fica ferido ap\u00f3s caminh\u00e3o tombar na BR 153 em Rebou\u00e7as"},"content":{"rendered":"\n<p><\/p>\n\n\n\n<figure class=\"wp-block-image size-full\"><img loading=\"lazy\" decoding=\"async\" width=\"897\" height=\"204\" src=\"https:\/\/radiostudiow.com.br\/site\/wp-content\/uploads\/2025\/01\/SITE-GRANDE3.png\" alt=\"\" class=\"wp-image-32900\" srcset=\"https:\/\/radiostudiow.com.br\/site\/wp-content\/uploads\/2025\/01\/SITE-GRANDE3.png 897w, https:\/\/radiostudiow.com.br\/site\/wp-content\/uploads\/2025\/01\/SITE-GRANDE3-300x68.png 300w, https:\/\/radiostudiow.com.br\/site\/wp-content\/uploads\/2025\/01\/SITE-GRANDE3-768x175.png 768w\" sizes=\"auto, (max-width: 897px) 100vw, 897px\" \/><\/figure>\n\n\n\n<p><\/p>\n\n\n\n<p class=\"has-medium-font-size\">Na tarde desta sexta-feira dia 17 de janeiro, por volta das 15 horas, no Km 353 da BR-153, Pr\u00f3ximo a ponte do Rio Potinga no munic\u00edpio de Rebou\u00e7as, ocorreu um acidente do tipo tombamento, envolvendo um ve\u00edculo e uma pessoa lesionada.<\/p>\n\n\n\n<p class=\"has-medium-font-size\">O ve\u00edculo envolvido foi um caminh\u00e3o Scania de cor azul e emplacamento de Palmeira tracionando dois semi reboques carregado com madeiras.<\/p>\n\n\n\n<p class=\"has-medium-font-size\">O condutor do caminh\u00e3o, homem de 52 anos, teve les\u00f5es leves e foi encaminhado para o hospital de Rebou\u00e7as. Realizou o teste do baf\u00f4metro com resultado negativo para ingest\u00e3o de \u00e1lcool.<\/p>\n\n\n\n<p class=\"has-medium-font-size\">Foi necess\u00e1rio interdi\u00e7\u00e3o total da rodovia para remo\u00e7\u00e3o do ve\u00edculo por aproximadamente uma hora, sendo totalmente liberada \u00e0s 17h37.<\/p>\n\n\n\n<p>Fonte: R\u00e1dio Alvorada<\/p>\n\n\n\n<p><\/p>\n\n\n\n<figure class=\"wp-block-image size-full\"><img loading=\"lazy\" decoding=\"async\" width=\"598\" height=\"204\" src=\"https:\/\/radiostudiow.com.br\/site\/wp-content\/uploads\/2024\/10\/labirati.png\" alt=\"\" class=\"wp-image-28854\" srcset=\"https:\/\/radiostudiow.com.br\/site\/wp-content\/uploads\/2024\/10\/labirati.png 598w, https:\/\/radiostudiow.com.br\/site\/wp-content\/uploads\/2024\/10\/labirati-300x102.png 300w\" sizes=\"auto, (max-width: 598px) 100vw, 598px\" \/><\/figure>\n\n\n\n<p><\/p>\n\n\n\n<p><\/p>\n\n\n\n<figure class=\"wp-block-image size-full\"><img loading=\"lazy\" decoding=\"async\" width=\"900\" height=\"205\" src=\"https:\/\/radiostudiow.com.br\/site\/wp-content\/uploads\/2024\/03\/bannertijolao-e1733625657395.jpg\" alt=\"\" class=\"wp-image-20494\" srcset=\"https:\/\/radiostudiow.com.br\/site\/wp-content\/uploads\/2024\/03\/bannertijolao-e1733625657395.jpg 900w, https:\/\/radiostudiow.com.br\/site\/wp-content\/uploads\/2024\/03\/bannertijolao-e1733625657395-300x68.jpg 300w, https:\/\/radiostudiow.com.br\/site\/wp-content\/uploads\/2024\/03\/bannertijolao-e1733625657395-768x175.jpg 768w\" sizes=\"auto, (max-width: 900px) 100vw, 900px\" \/><\/figure>\n","protected":false},"excerpt":{"rendered":"<p>Na tarde desta sexta-feira dia 17 de janeiro, por volta das 15 horas, no Km 353 da BR-153, Pr\u00f3ximo a ponte do Rio Potinga no munic\u00edpio de Rebou\u00e7as, ocorreu um acidente do tipo tombamento, envolvendo um ve\u00edculo e uma pessoa lesionada. O ve\u00edculo envolvido foi um caminh\u00e3o Scania de cor azul e emplacamento de Palmeira [&hellip;]<\/p>\n","protected":false},"author":2,"featured_media":33173,"comment_status":"open","ping_status":"open","sticky":false,"template":"","format":"standard","meta":{"footnotes":""},"categories":[7,185],"tags":[172],"class_list":["post-33171","post","type-post","status-publish","format-standard","has-post-thumbnail","hentry","category-geral","category-regional","tag-featured"],"amp_enabled":true,"_links":{"self":[{"href":"https:\/\/radiostudiow.com.br\/site\/wp-json\/wp\/v2\/posts\/33171","targetHints":{"allow":["GET"]}}],"collection":[{"href":"https:\/\/radiostudiow.com.br\/site\/wp-json\/wp\/v2\/posts"}],"about":[{"href":"https:\/\/radiostudiow.com.br\/site\/wp-json\/wp\/v2\/types\/post"}],"author":[{"embeddable":true,"href":"https:\/\/radiostudiow.com.br\/site\/wp-json\/wp\/v2\/users\/2"}],"replies":[{"embeddable":true,"href":"https:\/\/radiostudiow.com.br\/site\/wp-json\/wp\/v2\/comments?post=33171"}],"version-history":[{"count":1,"href":"https:\/\/radiostudiow.com.br\/site\/wp-json\/wp\/v2\/posts\/33171\/revisions"}],"predecessor-version":[{"id":33184,"href":"https:\/\/radiostudiow.com.br\/site\/wp-json\/wp\/v2\/posts\/33171\/revisions\/33184"}],"wp:featuredmedia":[{"embeddable":true,"href":"https:\/\/radiostudiow.com.br\/site\/wp-json\/wp\/v2\/media\/33173"}],"wp:attachment":[{"href":"https:\/\/radiostudiow.com.br\/site\/wp-json\/wp\/v2\/media?parent=33171"}],"wp:term":[{"taxonomy":"category","embeddable":true,"href":"https:\/\/radiostudiow.com.br\/site\/wp-json\/wp\/v2\/categories?post=33171"},{"taxonomy":"post_tag","embeddable":true,"href":"https:\/\/radiostudiow.com.br\/site\/wp-json\/wp\/v2\/tags?post=33171"}],"curies":[{"name":"wp","href":"https:\/\/api.w.org\/{rel}","templated":true}]}}