{"id":33185,"date":"2025-01-20T10:32:40","date_gmt":"2025-01-20T13:32:40","guid":{"rendered":"https:\/\/radiostudiow.com.br\/site\/?p=33185"},"modified":"2025-01-20T10:32:41","modified_gmt":"2025-01-20T13:32:41","slug":"homem-foge-apos-ser-flagrado-andando-de-moto-dentro-de-praca-em-cruz-machado","status":"publish","type":"post","link":"https:\/\/radiostudiow.com.br\/site\/2025\/01\/20\/homem-foge-apos-ser-flagrado-andando-de-moto-dentro-de-praca-em-cruz-machado\/","title":{"rendered":"Homem foge ap\u00f3s ser flagrado andando de moto dentro de pra\u00e7a em Cruz Machado"},"content":{"rendered":"\n<p><\/p>\n\n\n\n<figure class=\"wp-block-image size-full\"><img decoding=\"async\" src=\"https:\/\/radiostudiow.com.br\/site\/wp-content\/uploads\/2024\/01\/SITE-GRANDE.png\" alt=\"\" class=\"wp-image-18949\"\/><\/figure>\n\n\n\n<p><\/p>\n\n\n\n<p>Na noite desta s\u00e1bado (18), por volta das 20h42, a equipe policial de Cruz Machado foi acionada durante patrulhamento no centro da cidade. Um transeunte informou que um homem estava circulando de motocicleta dentro da pra\u00e7a p\u00fablica, o que gerou preocupa\u00e7\u00e3o entre os moradores.<\/p>\n\n\n\n<p>De imediato, os policiais se deslocaram ao local indicado e avistaram o suspeito. Ao perceber a presen\u00e7a da equipe, o homem abandonou a motocicleta e empreendeu fuga a p\u00e9, n\u00e3o sendo poss\u00edvel captur\u00e1-lo.<\/p>\n\n\n\n<p>Durante a verifica\u00e7\u00e3o da motocicleta, foi constatado que o ve\u00edculo apresentava diversas avarias e estava com o licenciamento em atraso. Diante da irregularidade, a moto foi recolhida pelos policiais para as devidas provid\u00eancias.<\/p>\n\n\n\n<p><\/p>\n\n\n\n<figure class=\"wp-block-image size-large\"><img decoding=\"async\" src=\"https:\/\/radiostudiow.com.br\/site\/wp-content\/uploads\/2025\/01\/anigif_medio_ok-1024x213.gif\" alt=\"\" class=\"wp-image-32977\"\/><\/figure>\n","protected":false},"excerpt":{"rendered":"<p>Na noite desta s\u00e1bado (18), por volta das 20h42, a equipe policial de Cruz Machado foi acionada durante patrulhamento no centro da cidade. Um transeunte informou que um homem estava circulando de motocicleta dentro da pra\u00e7a p\u00fablica, o que gerou preocupa\u00e7\u00e3o entre os moradores. De imediato, os policiais se deslocaram ao local indicado e avistaram [&hellip;]<\/p>\n","protected":false},"author":2,"featured_media":17774,"comment_status":"open","ping_status":"open","sticky":false,"template":"","format":"standard","meta":{"footnotes":""},"categories":[2,185],"tags":[172],"class_list":["post-33185","post","type-post","status-publish","format-standard","has-post-thumbnail","hentry","category-policial","category-regional","tag-featured"],"amp_enabled":true,"_links":{"self":[{"href":"https:\/\/radiostudiow.com.br\/site\/wp-json\/wp\/v2\/posts\/33185","targetHints":{"allow":["GET"]}}],"collection":[{"href":"https:\/\/radiostudiow.com.br\/site\/wp-json\/wp\/v2\/posts"}],"about":[{"href":"https:\/\/radiostudiow.com.br\/site\/wp-json\/wp\/v2\/types\/post"}],"author":[{"embeddable":true,"href":"https:\/\/radiostudiow.com.br\/site\/wp-json\/wp\/v2\/users\/2"}],"replies":[{"embeddable":true,"href":"https:\/\/radiostudiow.com.br\/site\/wp-json\/wp\/v2\/comments?post=33185"}],"version-history":[{"count":1,"href":"https:\/\/radiostudiow.com.br\/site\/wp-json\/wp\/v2\/posts\/33185\/revisions"}],"predecessor-version":[{"id":33189,"href":"https:\/\/radiostudiow.com.br\/site\/wp-json\/wp\/v2\/posts\/33185\/revisions\/33189"}],"wp:featuredmedia":[{"embeddable":true,"href":"https:\/\/radiostudiow.com.br\/site\/wp-json\/wp\/v2\/media\/17774"}],"wp:attachment":[{"href":"https:\/\/radiostudiow.com.br\/site\/wp-json\/wp\/v2\/media?parent=33185"}],"wp:term":[{"taxonomy":"category","embeddable":true,"href":"https:\/\/radiostudiow.com.br\/site\/wp-json\/wp\/v2\/categories?post=33185"},{"taxonomy":"post_tag","embeddable":true,"href":"https:\/\/radiostudiow.com.br\/site\/wp-json\/wp\/v2\/tags?post=33185"}],"curies":[{"name":"wp","href":"https:\/\/api.w.org\/{rel}","templated":true}]}}