{"id":33187,"date":"2025-01-20T11:50:46","date_gmt":"2025-01-20T14:50:46","guid":{"rendered":"https:\/\/radiostudiow.com.br\/site\/?p=33187"},"modified":"2025-01-20T11:50:46","modified_gmt":"2025-01-20T14:50:46","slug":"homem-e-preso-com-drogas-em-uniao-da-vitoria","status":"publish","type":"post","link":"https:\/\/radiostudiow.com.br\/site\/2025\/01\/20\/homem-e-preso-com-drogas-em-uniao-da-vitoria\/","title":{"rendered":"Homem \u00e9 preso com drogas em Uni\u00e3o da Vit\u00f3ria"},"content":{"rendered":"\n<p><\/p>\n\n\n\n<figure class=\"wp-block-image size-full\"><img decoding=\"async\" src=\"https:\/\/radiostudiow.com.br\/site\/wp-content\/uploads\/2024\/01\/SITE-GRANDE.png\" alt=\"\" class=\"wp-image-18949\"\/><\/figure>\n\n\n\n<p><\/p>\n\n\n\n<p>Na noite deste s\u00e1bado (18), por volta das 21h49, a Pol\u00edcia Militar prendeu um homem em flagrante no bairro Rio D&#8217;Areia, em Uni\u00e3o da Vit\u00f3ria, ap\u00f3s encontr\u00e1-lo em posse de drogas.<\/p>\n\n\n\n<p>A equipe realizava patrulhamento de rotina quando percebeu um indiv\u00edduo em atitude suspeita. Durante a abordagem, os policiais realizaram uma busca pessoal no suspeito e localizaram cinco por\u00e7\u00f5es de subst\u00e2ncia an\u00e1loga \u00e0 maconha. Ap\u00f3s a pesagem, constatou-se que o material somava 252 gramas.<\/p>\n\n\n\n<p>O homem foi preso no local e encaminhado \u00e0 Delegacia de Pol\u00edcia Civil, onde ser\u00e1 submetido aos procedimentos judiciais cab\u00edveis. A apreens\u00e3o refor\u00e7a o compromisso das autoridades no combate ao tr\u00e1fico de drogas na regi\u00e3o.<\/p>\n\n\n\n<p><\/p>\n\n\n\n<figure class=\"wp-block-gallery has-nested-images columns-default is-cropped wp-block-gallery-1 is-layout-flex wp-block-gallery-is-layout-flex\">\n<figure class=\"wp-block-image size-large\"><img loading=\"lazy\" decoding=\"async\" width=\"300\" height=\"180\" data-id=\"32894\" src=\"https:\/\/radiostudiow.com.br\/site\/wp-content\/uploads\/2025\/01\/SITE-PEQUENO2.png\" alt=\"\" class=\"wp-image-32894\"\/><\/figure>\n\n\n\n<figure class=\"wp-block-image size-large\"><img loading=\"lazy\" decoding=\"async\" width=\"300\" height=\"180\" data-id=\"32851\" src=\"https:\/\/radiostudiow.com.br\/site\/wp-content\/uploads\/2025\/01\/SITE-PEQUENO3.png\" alt=\"\" class=\"wp-image-32851\"\/><\/figure>\n\n\n\n<figure class=\"wp-block-image size-large\"><img loading=\"lazy\" decoding=\"async\" width=\"300\" height=\"180\" data-id=\"32833\" src=\"https:\/\/radiostudiow.com.br\/site\/wp-content\/uploads\/2025\/01\/SITE-PEQUENO.png\" alt=\"\" class=\"wp-image-32833\"\/><\/figure>\n<\/figure>\n","protected":false},"excerpt":{"rendered":"<p>Na noite deste s\u00e1bado (18), por volta das 21h49, a Pol\u00edcia Militar prendeu um homem em flagrante no bairro Rio D&#8217;Areia, em Uni\u00e3o da Vit\u00f3ria, ap\u00f3s encontr\u00e1-lo em posse de drogas. A equipe realizava patrulhamento de rotina quando percebeu um indiv\u00edduo em atitude suspeita. Durante a abordagem, os policiais realizaram uma busca pessoal no suspeito [&hellip;]<\/p>\n","protected":false},"author":2,"featured_media":33194,"comment_status":"open","ping_status":"open","sticky":false,"template":"","format":"standard","meta":{"footnotes":""},"categories":[2,185],"tags":[172],"class_list":["post-33187","post","type-post","status-publish","format-standard","has-post-thumbnail","hentry","category-policial","category-regional","tag-featured"],"amp_enabled":true,"_links":{"self":[{"href":"https:\/\/radiostudiow.com.br\/site\/wp-json\/wp\/v2\/posts\/33187","targetHints":{"allow":["GET"]}}],"collection":[{"href":"https:\/\/radiostudiow.com.br\/site\/wp-json\/wp\/v2\/posts"}],"about":[{"href":"https:\/\/radiostudiow.com.br\/site\/wp-json\/wp\/v2\/types\/post"}],"author":[{"embeddable":true,"href":"https:\/\/radiostudiow.com.br\/site\/wp-json\/wp\/v2\/users\/2"}],"replies":[{"embeddable":true,"href":"https:\/\/radiostudiow.com.br\/site\/wp-json\/wp\/v2\/comments?post=33187"}],"version-history":[{"count":1,"href":"https:\/\/radiostudiow.com.br\/site\/wp-json\/wp\/v2\/posts\/33187\/revisions"}],"predecessor-version":[{"id":33196,"href":"https:\/\/radiostudiow.com.br\/site\/wp-json\/wp\/v2\/posts\/33187\/revisions\/33196"}],"wp:featuredmedia":[{"embeddable":true,"href":"https:\/\/radiostudiow.com.br\/site\/wp-json\/wp\/v2\/media\/33194"}],"wp:attachment":[{"href":"https:\/\/radiostudiow.com.br\/site\/wp-json\/wp\/v2\/media?parent=33187"}],"wp:term":[{"taxonomy":"category","embeddable":true,"href":"https:\/\/radiostudiow.com.br\/site\/wp-json\/wp\/v2\/categories?post=33187"},{"taxonomy":"post_tag","embeddable":true,"href":"https:\/\/radiostudiow.com.br\/site\/wp-json\/wp\/v2\/tags?post=33187"}],"curies":[{"name":"wp","href":"https:\/\/api.w.org\/{rel}","templated":true}]}}