{"id":33191,"date":"2025-01-20T11:14:15","date_gmt":"2025-01-20T14:14:15","guid":{"rendered":"https:\/\/radiostudiow.com.br\/site\/?p=33191"},"modified":"2025-01-20T11:14:15","modified_gmt":"2025-01-20T14:14:15","slug":"prf-apreende-mais-de-meia-tonelada-de-maconha-em-irati","status":"publish","type":"post","link":"https:\/\/radiostudiow.com.br\/site\/2025\/01\/20\/prf-apreende-mais-de-meia-tonelada-de-maconha-em-irati\/","title":{"rendered":"PRF apreende mais de meia tonelada de maconha em Irati"},"content":{"rendered":"\n<p class=\"has-text-align-center has-medium-font-size\"><strong><em>Drogas foram encontradas em um caminh\u00e3o Mercedes Benz abordado na BR-277, na tarde deste domingo<\/em><\/strong><\/p>\n\n\n\n<p><\/p>\n\n\n\n<figure class=\"wp-block-image size-full\"><img loading=\"lazy\" decoding=\"async\" width=\"1024\" height=\"768\" src=\"https:\/\/radiostudiow.com.br\/site\/wp-content\/uploads\/2025\/01\/image-111.png\" alt=\"\" class=\"wp-image-33192\" srcset=\"https:\/\/radiostudiow.com.br\/site\/wp-content\/uploads\/2025\/01\/image-111.png 1024w, https:\/\/radiostudiow.com.br\/site\/wp-content\/uploads\/2025\/01\/image-111-300x225.png 300w, https:\/\/radiostudiow.com.br\/site\/wp-content\/uploads\/2025\/01\/image-111-768x576.png 768w\" sizes=\"auto, (max-width: 1024px) 100vw, 1024px\" \/><\/figure>\n\n\n\n<p><\/p>\n\n\n\n<figure class=\"wp-block-image size-full\"><img loading=\"lazy\" decoding=\"async\" width=\"900\" height=\"408\" src=\"https:\/\/radiostudiow.com.br\/site\/wp-content\/uploads\/2025\/01\/SITE-E-TV.png\" alt=\"\" class=\"wp-image-33052\" srcset=\"https:\/\/radiostudiow.com.br\/site\/wp-content\/uploads\/2025\/01\/SITE-E-TV.png 900w, https:\/\/radiostudiow.com.br\/site\/wp-content\/uploads\/2025\/01\/SITE-E-TV-300x136.png 300w, https:\/\/radiostudiow.com.br\/site\/wp-content\/uploads\/2025\/01\/SITE-E-TV-768x348.png 768w\" sizes=\"auto, (max-width: 900px) 100vw, 900px\" \/><\/figure>\n\n\n\n<p><\/p>\n\n\n\n<p>A Pol\u00edcia Rodovi\u00e1ria Federal (PRF) apreendeu 543,84 kg de maconha em uma abordagem realizada na BR-277, em Irati, na tarde deste domingo. A droga estava escondida em um caminh\u00e3o Mercedes Benz, registrado em S\u00e3o Jo\u00e3o Batista\/SC, que transportava um semirreboque carregado com retalhos de tubo PVC.<\/p>\n\n\n\n<p>Durante a fiscaliza\u00e7\u00e3o, os agentes localizaram fardos contendo o entorpecente entre a carga. O motorista, um homem de 39 anos, revelou que buscou a droga em Dourados\/MS e tinha como destino a cidade de Crici\u00fama\/SC.<\/p>\n\n\n\n<p>Ele foi preso por tr\u00e1fico de drogas e encaminhado \u00e0 Delegacia de Irati para as provid\u00eancias legais.<\/p>\n\n\n\n<p><br>Fonte: Naju\u00e1<br><\/p>\n\n\n\n<figure class=\"wp-block-image size-full\"><img loading=\"lazy\" decoding=\"async\" width=\"897\" height=\"204\" src=\"https:\/\/radiostudiow.com.br\/site\/wp-content\/uploads\/2024\/01\/SITE-GRANDE3.png\" alt=\"zaions\" class=\"wp-image-18936\" srcset=\"https:\/\/radiostudiow.com.br\/site\/wp-content\/uploads\/2024\/01\/SITE-GRANDE3.png 897w, https:\/\/radiostudiow.com.br\/site\/wp-content\/uploads\/2024\/01\/SITE-GRANDE3-300x68.png 300w, https:\/\/radiostudiow.com.br\/site\/wp-content\/uploads\/2024\/01\/SITE-GRANDE3-768x175.png 768w\" sizes=\"auto, (max-width: 897px) 100vw, 897px\" \/><\/figure>\n\n\n\n<p><\/p>\n","protected":false},"excerpt":{"rendered":"<p>Drogas foram encontradas em um caminh\u00e3o Mercedes Benz abordado na BR-277, na tarde deste domingo A Pol\u00edcia Rodovi\u00e1ria Federal (PRF) apreendeu 543,84 kg de maconha em uma abordagem realizada na BR-277, em Irati, na tarde deste domingo. A droga estava escondida em um caminh\u00e3o Mercedes Benz, registrado em S\u00e3o Jo\u00e3o Batista\/SC, que transportava um semirreboque [&hellip;]<\/p>\n","protected":false},"author":2,"featured_media":33192,"comment_status":"open","ping_status":"open","sticky":false,"template":"","format":"standard","meta":{"footnotes":""},"categories":[2,185],"tags":[172],"class_list":["post-33191","post","type-post","status-publish","format-standard","has-post-thumbnail","hentry","category-policial","category-regional","tag-featured"],"amp_enabled":true,"_links":{"self":[{"href":"https:\/\/radiostudiow.com.br\/site\/wp-json\/wp\/v2\/posts\/33191","targetHints":{"allow":["GET"]}}],"collection":[{"href":"https:\/\/radiostudiow.com.br\/site\/wp-json\/wp\/v2\/posts"}],"about":[{"href":"https:\/\/radiostudiow.com.br\/site\/wp-json\/wp\/v2\/types\/post"}],"author":[{"embeddable":true,"href":"https:\/\/radiostudiow.com.br\/site\/wp-json\/wp\/v2\/users\/2"}],"replies":[{"embeddable":true,"href":"https:\/\/radiostudiow.com.br\/site\/wp-json\/wp\/v2\/comments?post=33191"}],"version-history":[{"count":1,"href":"https:\/\/radiostudiow.com.br\/site\/wp-json\/wp\/v2\/posts\/33191\/revisions"}],"predecessor-version":[{"id":33193,"href":"https:\/\/radiostudiow.com.br\/site\/wp-json\/wp\/v2\/posts\/33191\/revisions\/33193"}],"wp:featuredmedia":[{"embeddable":true,"href":"https:\/\/radiostudiow.com.br\/site\/wp-json\/wp\/v2\/media\/33192"}],"wp:attachment":[{"href":"https:\/\/radiostudiow.com.br\/site\/wp-json\/wp\/v2\/media?parent=33191"}],"wp:term":[{"taxonomy":"category","embeddable":true,"href":"https:\/\/radiostudiow.com.br\/site\/wp-json\/wp\/v2\/categories?post=33191"},{"taxonomy":"post_tag","embeddable":true,"href":"https:\/\/radiostudiow.com.br\/site\/wp-json\/wp\/v2\/tags?post=33191"}],"curies":[{"name":"wp","href":"https:\/\/api.w.org\/{rel}","templated":true}]}}