{"id":33205,"date":"2025-01-20T15:28:30","date_gmt":"2025-01-20T18:28:30","guid":{"rendered":"https:\/\/radiostudiow.com.br\/site\/?p=33205"},"modified":"2025-01-20T19:11:14","modified_gmt":"2025-01-20T22:11:14","slug":"ipva-2025-confira-os-prazos-de-pagamento-a-partir-desta-segunda-feira","status":"publish","type":"post","link":"https:\/\/radiostudiow.com.br\/site\/2025\/01\/20\/ipva-2025-confira-os-prazos-de-pagamento-a-partir-desta-segunda-feira\/","title":{"rendered":"IPVA 2025: Calend\u00e1rio de pagamentos \u00e9 prorrogado. Veja as novas datas"},"content":{"rendered":"\n<p><\/p>\n\n\n\n<figure class=\"wp-block-image size-full\"><img loading=\"lazy\" decoding=\"async\" width=\"897\" height=\"204\" src=\"https:\/\/radiostudiow.com.br\/site\/wp-content\/uploads\/2025\/01\/SITE-GRANDE4.png\" alt=\"\" class=\"wp-image-32888\" srcset=\"https:\/\/radiostudiow.com.br\/site\/wp-content\/uploads\/2025\/01\/SITE-GRANDE4.png 897w, https:\/\/radiostudiow.com.br\/site\/wp-content\/uploads\/2025\/01\/SITE-GRANDE4-300x68.png 300w, https:\/\/radiostudiow.com.br\/site\/wp-content\/uploads\/2025\/01\/SITE-GRANDE4-768x175.png 768w\" sizes=\"auto, (max-width: 897px) 100vw, 897px\" \/><\/figure>\n\n\n\n<p><\/p>\n\n\n\n<p>Os motoristas paranaenses ter\u00e3o alguns dias a mais para garantir o desconto de 6% do Imposto sobre a Propriedade de Ve\u00edculos Automotores (IPVA) 2025. A Secretaria de Estado da Fazenda (Sefa) e a Receita Estadual prorrogaram o in\u00edcio do calend\u00e1rio de pagamento do tributo para a pr\u00f3xima sexta-feira (24).<\/p>\n\n\n\n<p>A medida foi tomada ap\u00f3s uma instabilidade nesta segunda-feira (20), data programada inicialmente para vencer o IPVA 2025 de ve\u00edculos com placas com final 1 e 2. Assim, para evitar que algu\u00e9m fosse prejudicado por esse problema t\u00e9cnico optou-se pela prorroga\u00e7\u00e3o.<\/p>\n\n\n\n<p>Com isso, as datas tanto para o pagamento em cota \u00fanica ser\u00e3o adiadas da seguinte forma:<\/p>\n\n\n\n<figure class=\"wp-block-image size-large\"><img loading=\"lazy\" decoding=\"async\" width=\"1024\" height=\"576\" src=\"https:\/\/radiostudiow.com.br\/site\/wp-content\/uploads\/2025\/01\/ipva1-1-1024x576.jpg\" alt=\"\" class=\"wp-image-33212\" srcset=\"https:\/\/radiostudiow.com.br\/site\/wp-content\/uploads\/2025\/01\/ipva1-1-1024x576.jpg 1024w, https:\/\/radiostudiow.com.br\/site\/wp-content\/uploads\/2025\/01\/ipva1-1-300x169.jpg 300w, https:\/\/radiostudiow.com.br\/site\/wp-content\/uploads\/2025\/01\/ipva1-1-768x432.jpg 768w, https:\/\/radiostudiow.com.br\/site\/wp-content\/uploads\/2025\/01\/ipva1-1-1536x864.jpg 1536w, https:\/\/radiostudiow.com.br\/site\/wp-content\/uploads\/2025\/01\/ipva1-1.jpg 1920w\" sizes=\"auto, (max-width: 1024px) 100vw, 1024px\" \/><\/figure>\n\n\n\n<p><\/p>\n\n\n\n<p>Lembrando que os propriet\u00e1rios que optarem pela quita\u00e7\u00e3o em parcela \u00fanica t\u00eam direito a um desconto de 6%.<\/p>\n\n\n\n<p><\/p>\n\n\n\n<figure class=\"wp-block-image size-full\"><img loading=\"lazy\" decoding=\"async\" width=\"897\" height=\"204\" src=\"https:\/\/radiostudiow.com.br\/site\/wp-content\/uploads\/2024\/01\/SITE-GRANDE3.png\" alt=\"zaions\" class=\"wp-image-18936\" srcset=\"https:\/\/radiostudiow.com.br\/site\/wp-content\/uploads\/2024\/01\/SITE-GRANDE3.png 897w, https:\/\/radiostudiow.com.br\/site\/wp-content\/uploads\/2024\/01\/SITE-GRANDE3-300x68.png 300w, https:\/\/radiostudiow.com.br\/site\/wp-content\/uploads\/2024\/01\/SITE-GRANDE3-768x175.png 768w\" sizes=\"auto, (max-width: 897px) 100vw, 897px\" \/><\/figure>\n\n\n\n<p><\/p>\n\n\n\n<p>J\u00e1 para quem optar pelo parcelamento em cinco vezes, sem desconto, o pagamento da primeira parcela deve ser feito nas mesmas datas acima, o novo calend\u00e1rio, por\u00e9m, n\u00e3o altera as datas de vencimento das demais parcelas, de fevereiro a maio. Nesse caso, os prazos divulgados anteriormente continuam os mesmos. Confira o calend\u00e1rio completo para o pagamento parcelado na tela:<\/p>\n\n\n\n<figure class=\"wp-block-image size-large\"><img loading=\"lazy\" decoding=\"async\" width=\"1024\" height=\"576\" src=\"https:\/\/radiostudiow.com.br\/site\/wp-content\/uploads\/2025\/01\/ipva2-2-1024x576.jpg\" alt=\"\" class=\"wp-image-33213\" srcset=\"https:\/\/radiostudiow.com.br\/site\/wp-content\/uploads\/2025\/01\/ipva2-2-1024x576.jpg 1024w, https:\/\/radiostudiow.com.br\/site\/wp-content\/uploads\/2025\/01\/ipva2-2-300x169.jpg 300w, https:\/\/radiostudiow.com.br\/site\/wp-content\/uploads\/2025\/01\/ipva2-2-768x432.jpg 768w, https:\/\/radiostudiow.com.br\/site\/wp-content\/uploads\/2025\/01\/ipva2-2-1536x864.jpg 1536w, https:\/\/radiostudiow.com.br\/site\/wp-content\/uploads\/2025\/01\/ipva2-2.jpg 1920w\" sizes=\"auto, (max-width: 1024px) 100vw, 1024px\" \/><\/figure>\n\n\n\n<p><\/p>\n\n\n\n<p>Apesar da eventual instabilidade no sistema, a Receita Estadual refor\u00e7a que a popula\u00e7\u00e3o redobre os cuidados na hora de fazer o pagamento do IPVA 2025, j\u00e1 que a quantidade de sites fraudulentos tamb\u00e9m aumenta nesta \u00e9poca do ano. Ao acessar uma p\u00e1gina, \u00e9 preciso sempre garantir que ela termine com a extens\u00e3o \u201c.pr.gov.br\u201d.<\/p>\n\n\n\n<p><\/p>\n\n\n\n<figure class=\"wp-block-image size-full\"><img loading=\"lazy\" decoding=\"async\" width=\"900\" height=\"205\" src=\"https:\/\/radiostudiow.com.br\/site\/wp-content\/uploads\/2024\/03\/bannertijolao-e1733625657395.jpg\" alt=\"\" class=\"wp-image-20494\" srcset=\"https:\/\/radiostudiow.com.br\/site\/wp-content\/uploads\/2024\/03\/bannertijolao-e1733625657395.jpg 900w, https:\/\/radiostudiow.com.br\/site\/wp-content\/uploads\/2024\/03\/bannertijolao-e1733625657395-300x68.jpg 300w, https:\/\/radiostudiow.com.br\/site\/wp-content\/uploads\/2024\/03\/bannertijolao-e1733625657395-768x175.jpg 768w\" sizes=\"auto, (max-width: 900px) 100vw, 900px\" \/><\/figure>\n\n\n\n<figure class=\"wp-block-image size-full\"><img loading=\"lazy\" decoding=\"async\" width=\"897\" height=\"204\" src=\"https:\/\/radiostudiow.com.br\/site\/wp-content\/uploads\/2024\/08\/TIJOLAO.png\" alt=\"\" class=\"wp-image-25951\" srcset=\"https:\/\/radiostudiow.com.br\/site\/wp-content\/uploads\/2024\/08\/TIJOLAO.png 897w, https:\/\/radiostudiow.com.br\/site\/wp-content\/uploads\/2024\/08\/TIJOLAO-300x68.png 300w, https:\/\/radiostudiow.com.br\/site\/wp-content\/uploads\/2024\/08\/TIJOLAO-768x175.png 768w\" sizes=\"auto, (max-width: 897px) 100vw, 897px\" \/><\/figure>\n","protected":false},"excerpt":{"rendered":"<p>Os motoristas paranaenses ter\u00e3o alguns dias a mais para garantir o desconto de 6% do Imposto sobre a Propriedade de Ve\u00edculos Automotores (IPVA) 2025. A Secretaria de Estado da Fazenda (Sefa) e a Receita Estadual prorrogaram o in\u00edcio do calend\u00e1rio de pagamento do tributo para a pr\u00f3xima sexta-feira (24). A medida foi tomada ap\u00f3s uma [&hellip;]<\/p>\n","protected":false},"author":2,"featured_media":33209,"comment_status":"open","ping_status":"open","sticky":false,"template":"","format":"standard","meta":{"footnotes":""},"categories":[7,184],"tags":[172],"class_list":["post-33205","post","type-post","status-publish","format-standard","has-post-thumbnail","hentry","category-geral","category-local","tag-featured"],"amp_enabled":true,"_links":{"self":[{"href":"https:\/\/radiostudiow.com.br\/site\/wp-json\/wp\/v2\/posts\/33205","targetHints":{"allow":["GET"]}}],"collection":[{"href":"https:\/\/radiostudiow.com.br\/site\/wp-json\/wp\/v2\/posts"}],"about":[{"href":"https:\/\/radiostudiow.com.br\/site\/wp-json\/wp\/v2\/types\/post"}],"author":[{"embeddable":true,"href":"https:\/\/radiostudiow.com.br\/site\/wp-json\/wp\/v2\/users\/2"}],"replies":[{"embeddable":true,"href":"https:\/\/radiostudiow.com.br\/site\/wp-json\/wp\/v2\/comments?post=33205"}],"version-history":[{"count":3,"href":"https:\/\/radiostudiow.com.br\/site\/wp-json\/wp\/v2\/posts\/33205\/revisions"}],"predecessor-version":[{"id":33215,"href":"https:\/\/radiostudiow.com.br\/site\/wp-json\/wp\/v2\/posts\/33205\/revisions\/33215"}],"wp:featuredmedia":[{"embeddable":true,"href":"https:\/\/radiostudiow.com.br\/site\/wp-json\/wp\/v2\/media\/33209"}],"wp:attachment":[{"href":"https:\/\/radiostudiow.com.br\/site\/wp-json\/wp\/v2\/media?parent=33205"}],"wp:term":[{"taxonomy":"category","embeddable":true,"href":"https:\/\/radiostudiow.com.br\/site\/wp-json\/wp\/v2\/categories?post=33205"},{"taxonomy":"post_tag","embeddable":true,"href":"https:\/\/radiostudiow.com.br\/site\/wp-json\/wp\/v2\/tags?post=33205"}],"curies":[{"name":"wp","href":"https:\/\/api.w.org\/{rel}","templated":true}]}}