{"id":33216,"date":"2025-01-21T08:24:38","date_gmt":"2025-01-21T11:24:38","guid":{"rendered":"https:\/\/radiostudiow.com.br\/site\/?p=33216"},"modified":"2025-01-21T09:47:03","modified_gmt":"2025-01-21T12:47:03","slug":"assaltante-e-morto-em-confronto-com-a-pm-em-ponta-grossa","status":"publish","type":"post","link":"https:\/\/radiostudiow.com.br\/site\/2025\/01\/21\/assaltante-e-morto-em-confronto-com-a-pm-em-ponta-grossa\/","title":{"rendered":"Assaltante \u00e9 morto em confronto com a PM em Ponta Grossa; ve\u00edculo havia sido roubado em S\u00e3o Mateus do Sul"},"content":{"rendered":"\n<p><\/p>\n\n\n\n<figure class=\"wp-block-image size-full\"><img decoding=\"async\" src=\"https:\/\/radiostudiow.com.br\/site\/wp-content\/uploads\/2024\/01\/SITE-GRANDE.png\" alt=\"\" class=\"wp-image-18949\"\/><\/figure>\n\n\n\n<p><\/p>\n\n\n\n<p>Um homem identificado como Alisson Carvalho, de 31 anos, morreu durante um confronto armado com a Pol\u00edcia Militar (PM) na BR-376, em Ponta Grossa. A a\u00e7\u00e3o ocorreu na manh\u00e3 de segunda-feira (20) e fazia parte de uma opera\u00e7\u00e3o contra o furto e roubo de ve\u00edculos na regi\u00e3o dos Campos Gerais.<\/p>\n\n\n\n<p>De acordo com a PM, Alisson possu\u00eda diversas passagens por crimes relacionados ao patrim\u00f4nio, incluindo roubo de cargas e ve\u00edculos. Ele e outros tr\u00eas suspeitos foram abordados em um Volkswagen Jetta, com placas adulteradas, que seguia de Curitiba para Ponta Grossa. O carro havia sido roubado no dia 16 de janeiro na regi\u00e3o da Vila Pinheirinho, em S\u00e3o Mateus do Sul.<\/p>\n\n\n\n<p>A abordagem foi realizada na BR-376, pr\u00f3ximo ao Viaduto do Santa Maria. Ao se deparar com o bloqueio policial, o ve\u00edculo entrou na contram\u00e3o, quase causando acidentes. Tr\u00eas suspeitos abandonaram o carro e fugiram em dire\u00e7\u00e3o a uma \u00e1rea de mata.<\/p>\n\n\n\n<p>Conforme o boletim de ocorr\u00eancia, Alisson apontou um rev\u00f3lver em dire\u00e7\u00e3o aos policiais, que reagiram para proteger a pr\u00f3pria integridade f\u00edsica. O suspeito foi baleado e morreu no local. Os outros dois suspeitos continuam foragidos.<\/p>\n\n\n\n<p>No interior do ve\u00edculo, a PM encontrou uma adolescente de 15 anos e um cachorro da ra\u00e7a pitbull. A menor foi apreendida, e o animal encaminhado ao Centro de Refer\u00eancia para Animais em Risco. Al\u00e9m disso, foram recolhidos celulares, objetos pessoais e uma arma de fogo.<\/p>\n\n\n\n<p><\/p>\n\n\n\n<figure class=\"wp-block-image size-full\"><img loading=\"lazy\" decoding=\"async\" width=\"900\" height=\"205\" src=\"https:\/\/radiostudiow.com.br\/site\/wp-content\/uploads\/2024\/03\/bannertijolao-e1733625657395.jpg\" alt=\"\" class=\"wp-image-20494\" srcset=\"https:\/\/radiostudiow.com.br\/site\/wp-content\/uploads\/2024\/03\/bannertijolao-e1733625657395.jpg 900w, https:\/\/radiostudiow.com.br\/site\/wp-content\/uploads\/2024\/03\/bannertijolao-e1733625657395-300x68.jpg 300w, https:\/\/radiostudiow.com.br\/site\/wp-content\/uploads\/2024\/03\/bannertijolao-e1733625657395-768x175.jpg 768w\" sizes=\"auto, (max-width: 900px) 100vw, 900px\" \/><\/figure>\n\n\n\n<figure class=\"wp-block-image size-full\"><img loading=\"lazy\" decoding=\"async\" width=\"897\" height=\"204\" src=\"https:\/\/radiostudiow.com.br\/site\/wp-content\/uploads\/2024\/08\/TIJOLAO.png\" alt=\"\" class=\"wp-image-25951\" srcset=\"https:\/\/radiostudiow.com.br\/site\/wp-content\/uploads\/2024\/08\/TIJOLAO.png 897w, https:\/\/radiostudiow.com.br\/site\/wp-content\/uploads\/2024\/08\/TIJOLAO-300x68.png 300w, https:\/\/radiostudiow.com.br\/site\/wp-content\/uploads\/2024\/08\/TIJOLAO-768x175.png 768w\" sizes=\"auto, (max-width: 897px) 100vw, 897px\" \/><\/figure>\n\n\n\n<p><\/p>\n\n\n\n<p><\/p>\n\n\n\n<figure class=\"wp-block-image size-full\"><img loading=\"lazy\" decoding=\"async\" width=\"1024\" height=\"584\" src=\"https:\/\/radiostudiow.com.br\/site\/wp-content\/uploads\/2025\/01\/10.jpg\" alt=\"\" class=\"wp-image-33217\" srcset=\"https:\/\/radiostudiow.com.br\/site\/wp-content\/uploads\/2025\/01\/10.jpg 1024w, https:\/\/radiostudiow.com.br\/site\/wp-content\/uploads\/2025\/01\/10-300x171.jpg 300w, https:\/\/radiostudiow.com.br\/site\/wp-content\/uploads\/2025\/01\/10-768x438.jpg 768w\" sizes=\"auto, (max-width: 1024px) 100vw, 1024px\" \/><\/figure>\n\n\n\n<p><\/p>\n\n\n\n<p><\/p>\n\n\n\n<figure class=\"wp-block-image size-full\"><img loading=\"lazy\" decoding=\"async\" width=\"1024\" height=\"538\" src=\"https:\/\/radiostudiow.com.br\/site\/wp-content\/uploads\/2025\/01\/11.jpg\" alt=\"\" class=\"wp-image-33218\" srcset=\"https:\/\/radiostudiow.com.br\/site\/wp-content\/uploads\/2025\/01\/11.jpg 1024w, https:\/\/radiostudiow.com.br\/site\/wp-content\/uploads\/2025\/01\/11-300x158.jpg 300w, https:\/\/radiostudiow.com.br\/site\/wp-content\/uploads\/2025\/01\/11-768x404.jpg 768w\" sizes=\"auto, (max-width: 1024px) 100vw, 1024px\" \/><\/figure>\n\n\n\n<p><\/p>\n\n\n\n<p>Fontes: Portal aRede \/ Clic Sul News.<\/p>\n","protected":false},"excerpt":{"rendered":"<p>Um homem identificado como Alisson Carvalho, de 31 anos, morreu durante um confronto armado com a Pol\u00edcia Militar (PM) na BR-376, em Ponta Grossa. A a\u00e7\u00e3o ocorreu na manh\u00e3 de segunda-feira (20) e fazia parte de uma opera\u00e7\u00e3o contra o furto e roubo de ve\u00edculos na regi\u00e3o dos Campos Gerais. De acordo com a PM, [&hellip;]<\/p>\n","protected":false},"author":2,"featured_media":33217,"comment_status":"open","ping_status":"open","sticky":false,"template":"","format":"standard","meta":{"footnotes":""},"categories":[2,185],"tags":[172],"class_list":["post-33216","post","type-post","status-publish","format-standard","has-post-thumbnail","hentry","category-policial","category-regional","tag-featured"],"amp_enabled":true,"_links":{"self":[{"href":"https:\/\/radiostudiow.com.br\/site\/wp-json\/wp\/v2\/posts\/33216","targetHints":{"allow":["GET"]}}],"collection":[{"href":"https:\/\/radiostudiow.com.br\/site\/wp-json\/wp\/v2\/posts"}],"about":[{"href":"https:\/\/radiostudiow.com.br\/site\/wp-json\/wp\/v2\/types\/post"}],"author":[{"embeddable":true,"href":"https:\/\/radiostudiow.com.br\/site\/wp-json\/wp\/v2\/users\/2"}],"replies":[{"embeddable":true,"href":"https:\/\/radiostudiow.com.br\/site\/wp-json\/wp\/v2\/comments?post=33216"}],"version-history":[{"count":1,"href":"https:\/\/radiostudiow.com.br\/site\/wp-json\/wp\/v2\/posts\/33216\/revisions"}],"predecessor-version":[{"id":33219,"href":"https:\/\/radiostudiow.com.br\/site\/wp-json\/wp\/v2\/posts\/33216\/revisions\/33219"}],"wp:featuredmedia":[{"embeddable":true,"href":"https:\/\/radiostudiow.com.br\/site\/wp-json\/wp\/v2\/media\/33217"}],"wp:attachment":[{"href":"https:\/\/radiostudiow.com.br\/site\/wp-json\/wp\/v2\/media?parent=33216"}],"wp:term":[{"taxonomy":"category","embeddable":true,"href":"https:\/\/radiostudiow.com.br\/site\/wp-json\/wp\/v2\/categories?post=33216"},{"taxonomy":"post_tag","embeddable":true,"href":"https:\/\/radiostudiow.com.br\/site\/wp-json\/wp\/v2\/tags?post=33216"}],"curies":[{"name":"wp","href":"https:\/\/api.w.org\/{rel}","templated":true}]}}