{"id":33220,"date":"2025-01-21T09:59:02","date_gmt":"2025-01-21T12:59:02","guid":{"rendered":"https:\/\/radiostudiow.com.br\/site\/?p=33220"},"modified":"2025-01-21T09:59:03","modified_gmt":"2025-01-21T12:59:03","slug":"suspeito-de-roubo-e-detido-por-populares-no-centro-de-uniao-da-vitoria","status":"publish","type":"post","link":"https:\/\/radiostudiow.com.br\/site\/2025\/01\/21\/suspeito-de-roubo-e-detido-por-populares-no-centro-de-uniao-da-vitoria\/","title":{"rendered":"Suspeito de roubo \u00e9 detido por populares no Centro de Uni\u00e3o da Vit\u00f3ria"},"content":{"rendered":"\n<p><\/p>\n\n\n\n<figure class=\"wp-block-image size-full\"><img loading=\"lazy\" decoding=\"async\" width=\"897\" height=\"204\" src=\"https:\/\/radiostudiow.com.br\/site\/wp-content\/uploads\/2024\/01\/SITE-GRANDE3.png\" alt=\"zaions\" class=\"wp-image-18936\" srcset=\"https:\/\/radiostudiow.com.br\/site\/wp-content\/uploads\/2024\/01\/SITE-GRANDE3.png 897w, https:\/\/radiostudiow.com.br\/site\/wp-content\/uploads\/2024\/01\/SITE-GRANDE3-300x68.png 300w, https:\/\/radiostudiow.com.br\/site\/wp-content\/uploads\/2024\/01\/SITE-GRANDE3-768x175.png 768w\" sizes=\"auto, (max-width: 897px) 100vw, 897px\" \/><\/figure>\n\n\n\n<p><\/p>\n\n\n\n<p>Na noite desta segunda-feira (20), por volta das 19h37, um homem foi detido por populares ap\u00f3s cometer um roubo em um estabelecimento comercial no Centro de Uni\u00e3o da Vit\u00f3ria.<\/p>\n\n\n\n<p>De acordo com informa\u00e7\u00f5es da pol\u00edcia, o suspeito entrou no estabelecimento, pulou o balc\u00e3o e tomou o celular das m\u00e3os de uma funcion\u00e1ria, amea\u00e7ando-a de morte antes de fugir em uma bicicleta com o aparelho roubado.<\/p>\n\n\n\n<p>A v\u00edtima acionou as autoridades enquanto funcion\u00e1rios e populares perseguiram o suspeito. Ele foi contido at\u00e9 a chegada da equipe policial.<\/p>\n\n\n\n<p>O homem, que foi pego em flagrante, foi encaminhado \u00e0 4\u00aa Subdivis\u00e3o Policial (4\u00aa SDP) para que as medidas cab\u00edveis fossem tomadas.<\/p>\n\n\n\n<p><\/p>\n\n\n\n<figure class=\"wp-block-image size-full\"><img loading=\"lazy\" decoding=\"async\" width=\"598\" height=\"204\" src=\"https:\/\/radiostudiow.com.br\/site\/wp-content\/uploads\/2024\/01\/SITE-MEDIO.png\" alt=\"\" class=\"wp-image-18916\" srcset=\"https:\/\/radiostudiow.com.br\/site\/wp-content\/uploads\/2024\/01\/SITE-MEDIO.png 598w, https:\/\/radiostudiow.com.br\/site\/wp-content\/uploads\/2024\/01\/SITE-MEDIO-300x102.png 300w\" sizes=\"auto, (max-width: 598px) 100vw, 598px\" \/><\/figure>\n","protected":false},"excerpt":{"rendered":"<p>Na noite desta segunda-feira (20), por volta das 19h37, um homem foi detido por populares ap\u00f3s cometer um roubo em um estabelecimento comercial no Centro de Uni\u00e3o da Vit\u00f3ria. De acordo com informa\u00e7\u00f5es da pol\u00edcia, o suspeito entrou no estabelecimento, pulou o balc\u00e3o e tomou o celular das m\u00e3os de uma funcion\u00e1ria, amea\u00e7ando-a de morte [&hellip;]<\/p>\n","protected":false},"author":2,"featured_media":33000,"comment_status":"open","ping_status":"open","sticky":false,"template":"","format":"standard","meta":{"footnotes":""},"categories":[2,185],"tags":[172],"class_list":["post-33220","post","type-post","status-publish","format-standard","has-post-thumbnail","hentry","category-policial","category-regional","tag-featured"],"amp_enabled":true,"_links":{"self":[{"href":"https:\/\/radiostudiow.com.br\/site\/wp-json\/wp\/v2\/posts\/33220","targetHints":{"allow":["GET"]}}],"collection":[{"href":"https:\/\/radiostudiow.com.br\/site\/wp-json\/wp\/v2\/posts"}],"about":[{"href":"https:\/\/radiostudiow.com.br\/site\/wp-json\/wp\/v2\/types\/post"}],"author":[{"embeddable":true,"href":"https:\/\/radiostudiow.com.br\/site\/wp-json\/wp\/v2\/users\/2"}],"replies":[{"embeddable":true,"href":"https:\/\/radiostudiow.com.br\/site\/wp-json\/wp\/v2\/comments?post=33220"}],"version-history":[{"count":1,"href":"https:\/\/radiostudiow.com.br\/site\/wp-json\/wp\/v2\/posts\/33220\/revisions"}],"predecessor-version":[{"id":33234,"href":"https:\/\/radiostudiow.com.br\/site\/wp-json\/wp\/v2\/posts\/33220\/revisions\/33234"}],"wp:featuredmedia":[{"embeddable":true,"href":"https:\/\/radiostudiow.com.br\/site\/wp-json\/wp\/v2\/media\/33000"}],"wp:attachment":[{"href":"https:\/\/radiostudiow.com.br\/site\/wp-json\/wp\/v2\/media?parent=33220"}],"wp:term":[{"taxonomy":"category","embeddable":true,"href":"https:\/\/radiostudiow.com.br\/site\/wp-json\/wp\/v2\/categories?post=33220"},{"taxonomy":"post_tag","embeddable":true,"href":"https:\/\/radiostudiow.com.br\/site\/wp-json\/wp\/v2\/tags?post=33220"}],"curies":[{"name":"wp","href":"https:\/\/api.w.org\/{rel}","templated":true}]}}