{"id":33221,"date":"2025-01-21T09:58:30","date_gmt":"2025-01-21T12:58:30","guid":{"rendered":"https:\/\/radiostudiow.com.br\/site\/?p=33221"},"modified":"2025-01-21T09:58:30","modified_gmt":"2025-01-21T12:58:30","slug":"residencia-e-invadida-por-cinco-homens-armados-em-general-carneiro","status":"publish","type":"post","link":"https:\/\/radiostudiow.com.br\/site\/2025\/01\/21\/residencia-e-invadida-por-cinco-homens-armados-em-general-carneiro\/","title":{"rendered":"Resid\u00eancia \u00e9 invadida por cinco homens armados em General Carneiro"},"content":{"rendered":"\n<p><\/p>\n\n\n\n<figure class=\"wp-block-image size-full\"><img loading=\"lazy\" decoding=\"async\" width=\"900\" height=\"408\" src=\"https:\/\/radiostudiow.com.br\/site\/wp-content\/uploads\/2025\/01\/SITE-E-TV.png\" alt=\"\" class=\"wp-image-33052\" srcset=\"https:\/\/radiostudiow.com.br\/site\/wp-content\/uploads\/2025\/01\/SITE-E-TV.png 900w, https:\/\/radiostudiow.com.br\/site\/wp-content\/uploads\/2025\/01\/SITE-E-TV-300x136.png 300w, https:\/\/radiostudiow.com.br\/site\/wp-content\/uploads\/2025\/01\/SITE-E-TV-768x348.png 768w\" sizes=\"auto, (max-width: 900px) 100vw, 900px\" \/><\/figure>\n\n\n\n<p><\/p>\n\n\n\n<p>Na manh\u00e3 desta segunda-feira (20), por volta das 05h30, uma resid\u00eancia na localidade de Santa Rosa, no munic\u00edpio de General Carneiro, foi alvo de um roubo violento cometido por cinco homens armados.<\/p>\n\n\n\n<p>Segundo informa\u00e7\u00f5es do boletim de ocorr\u00eancia, duas mulheres estavam sozinhas em casa no momento da invas\u00e3o. O restante dos familiares havia sa\u00eddo para trabalhar, quando os criminosos, utilizando armas de fogo, quebraram a janela e invadiram o im\u00f3vel.<\/p>\n\n\n\n<p>Os assaltantes, sendo quatro deles portando rev\u00f3lveres e um com uma arma longa do tipo espingarda, amea\u00e7aram as v\u00edtimas, apontando as armas para suas cabe\u00e7as e exigindo informa\u00e7\u00f5es sobre dinheiro e armas que poderiam estar na resid\u00eancia.<\/p>\n\n\n\n<p>Diante da negativa das v\u00edtimas, os criminosos reviraram todos os c\u00f4modos da casa, mexendo em m\u00f3veis e pertences pessoais. Ap\u00f3s a a\u00e7\u00e3o, os indiv\u00edduos fugiram pelos fundos da propriedade, levando armas e uma quantia em dinheiro, cujo valor n\u00e3o foi divulgado.<\/p>\n\n\n\n<p>A equipe policial foi acionada e realizou patrulhamento nas proximidades, mas os autores n\u00e3o foram localizados.<\/p>\n\n\n\n<p><\/p>\n\n\n\n<figure class=\"wp-block-image size-full\"><img loading=\"lazy\" decoding=\"async\" width=\"598\" height=\"204\" src=\"https:\/\/radiostudiow.com.br\/site\/wp-content\/uploads\/2024\/10\/labirati.png\" alt=\"\" class=\"wp-image-28854\" srcset=\"https:\/\/radiostudiow.com.br\/site\/wp-content\/uploads\/2024\/10\/labirati.png 598w, https:\/\/radiostudiow.com.br\/site\/wp-content\/uploads\/2024\/10\/labirati-300x102.png 300w\" sizes=\"auto, (max-width: 598px) 100vw, 598px\" \/><\/figure>\n","protected":false},"excerpt":{"rendered":"<p>Na manh\u00e3 desta segunda-feira (20), por volta das 05h30, uma resid\u00eancia na localidade de Santa Rosa, no munic\u00edpio de General Carneiro, foi alvo de um roubo violento cometido por cinco homens armados. Segundo informa\u00e7\u00f5es do boletim de ocorr\u00eancia, duas mulheres estavam sozinhas em casa no momento da invas\u00e3o. O restante dos familiares havia sa\u00eddo para [&hellip;]<\/p>\n","protected":false},"author":2,"featured_media":27487,"comment_status":"open","ping_status":"open","sticky":false,"template":"","format":"standard","meta":{"footnotes":""},"categories":[2,185],"tags":[],"class_list":["post-33221","post","type-post","status-publish","format-standard","has-post-thumbnail","hentry","category-policial","category-regional"],"amp_enabled":true,"_links":{"self":[{"href":"https:\/\/radiostudiow.com.br\/site\/wp-json\/wp\/v2\/posts\/33221","targetHints":{"allow":["GET"]}}],"collection":[{"href":"https:\/\/radiostudiow.com.br\/site\/wp-json\/wp\/v2\/posts"}],"about":[{"href":"https:\/\/radiostudiow.com.br\/site\/wp-json\/wp\/v2\/types\/post"}],"author":[{"embeddable":true,"href":"https:\/\/radiostudiow.com.br\/site\/wp-json\/wp\/v2\/users\/2"}],"replies":[{"embeddable":true,"href":"https:\/\/radiostudiow.com.br\/site\/wp-json\/wp\/v2\/comments?post=33221"}],"version-history":[{"count":1,"href":"https:\/\/radiostudiow.com.br\/site\/wp-json\/wp\/v2\/posts\/33221\/revisions"}],"predecessor-version":[{"id":33233,"href":"https:\/\/radiostudiow.com.br\/site\/wp-json\/wp\/v2\/posts\/33221\/revisions\/33233"}],"wp:featuredmedia":[{"embeddable":true,"href":"https:\/\/radiostudiow.com.br\/site\/wp-json\/wp\/v2\/media\/27487"}],"wp:attachment":[{"href":"https:\/\/radiostudiow.com.br\/site\/wp-json\/wp\/v2\/media?parent=33221"}],"wp:term":[{"taxonomy":"category","embeddable":true,"href":"https:\/\/radiostudiow.com.br\/site\/wp-json\/wp\/v2\/categories?post=33221"},{"taxonomy":"post_tag","embeddable":true,"href":"https:\/\/radiostudiow.com.br\/site\/wp-json\/wp\/v2\/tags?post=33221"}],"curies":[{"name":"wp","href":"https:\/\/api.w.org\/{rel}","templated":true}]}}