{"id":33222,"date":"2025-01-21T09:57:51","date_gmt":"2025-01-21T12:57:51","guid":{"rendered":"https:\/\/radiostudiow.com.br\/site\/?p=33222"},"modified":"2025-01-21T09:57:51","modified_gmt":"2025-01-21T12:57:51","slug":"casa-e-mercearia-sao-alvo-de-furto-em-general-carneiro","status":"publish","type":"post","link":"https:\/\/radiostudiow.com.br\/site\/2025\/01\/21\/casa-e-mercearia-sao-alvo-de-furto-em-general-carneiro\/","title":{"rendered":"Casa e mercearia s\u00e3o alvo de furto em General Carneiro"},"content":{"rendered":"\n<p><\/p>\n\n\n\n<figure class=\"wp-block-image size-full\"><img decoding=\"async\" src=\"https:\/\/radiostudiow.com.br\/site\/wp-content\/uploads\/2024\/01\/SITE-GRANDE.png\" alt=\"\" class=\"wp-image-18949\"\/><\/figure>\n\n\n\n<p><\/p>\n\n\n\n<p>Um caso de furto foi registrado na noite desta segunda-feira (20) no Centro de General Carneiro. Segundo o boletim de ocorr\u00eancia, a v\u00edtima relatou que saiu de casa por volta das 12h e, ao retornar \u00e0s 18h, encontrou a janela dos fundos da resid\u00eancia arrombada.<\/p>\n\n\n\n<p>Na parte frontal do im\u00f3vel, onde funciona uma mercearia, tamb\u00e9m foi constatado o furto de uma quantia em dinheiro, al\u00e9m de ma\u00e7os de cigarro. A v\u00edtima, no entanto, n\u00e3o soube identificar o autor do crime.<\/p>\n\n\n\n<p>A Pol\u00edcia Militar foi acionada, orientou a v\u00edtima quanto aos procedimentos e confeccionou o boletim de ocorr\u00eancia. O caso foi encaminhado \u00e0 Delegacia de Uni\u00e3o da Vit\u00f3ria, que ficar\u00e1 respons\u00e1vel pelas investiga\u00e7\u00f5es.<\/p>\n\n\n\n<p><\/p>\n\n\n\n<figure class=\"wp-block-image size-large\"><img decoding=\"async\" src=\"https:\/\/radiostudiow.com.br\/site\/wp-content\/uploads\/2025\/01\/anigif_medio_ok-1024x213.gif\" alt=\"\" class=\"wp-image-32977\"\/><\/figure>\n","protected":false},"excerpt":{"rendered":"<p>Um caso de furto foi registrado na noite desta segunda-feira (20) no Centro de General Carneiro. Segundo o boletim de ocorr\u00eancia, a v\u00edtima relatou que saiu de casa por volta das 12h e, ao retornar \u00e0s 18h, encontrou a janela dos fundos da resid\u00eancia arrombada. Na parte frontal do im\u00f3vel, onde funciona uma mercearia, tamb\u00e9m [&hellip;]<\/p>\n","protected":false},"author":2,"featured_media":19871,"comment_status":"open","ping_status":"open","sticky":false,"template":"","format":"standard","meta":{"footnotes":""},"categories":[7],"tags":[],"class_list":["post-33222","post","type-post","status-publish","format-standard","has-post-thumbnail","hentry","category-geral"],"amp_enabled":true,"_links":{"self":[{"href":"https:\/\/radiostudiow.com.br\/site\/wp-json\/wp\/v2\/posts\/33222","targetHints":{"allow":["GET"]}}],"collection":[{"href":"https:\/\/radiostudiow.com.br\/site\/wp-json\/wp\/v2\/posts"}],"about":[{"href":"https:\/\/radiostudiow.com.br\/site\/wp-json\/wp\/v2\/types\/post"}],"author":[{"embeddable":true,"href":"https:\/\/radiostudiow.com.br\/site\/wp-json\/wp\/v2\/users\/2"}],"replies":[{"embeddable":true,"href":"https:\/\/radiostudiow.com.br\/site\/wp-json\/wp\/v2\/comments?post=33222"}],"version-history":[{"count":1,"href":"https:\/\/radiostudiow.com.br\/site\/wp-json\/wp\/v2\/posts\/33222\/revisions"}],"predecessor-version":[{"id":33232,"href":"https:\/\/radiostudiow.com.br\/site\/wp-json\/wp\/v2\/posts\/33222\/revisions\/33232"}],"wp:featuredmedia":[{"embeddable":true,"href":"https:\/\/radiostudiow.com.br\/site\/wp-json\/wp\/v2\/media\/19871"}],"wp:attachment":[{"href":"https:\/\/radiostudiow.com.br\/site\/wp-json\/wp\/v2\/media?parent=33222"}],"wp:term":[{"taxonomy":"category","embeddable":true,"href":"https:\/\/radiostudiow.com.br\/site\/wp-json\/wp\/v2\/categories?post=33222"},{"taxonomy":"post_tag","embeddable":true,"href":"https:\/\/radiostudiow.com.br\/site\/wp-json\/wp\/v2\/tags?post=33222"}],"curies":[{"name":"wp","href":"https:\/\/api.w.org\/{rel}","templated":true}]}}