{"id":33235,"date":"2025-01-21T11:40:43","date_gmt":"2025-01-21T14:40:43","guid":{"rendered":"https:\/\/radiostudiow.com.br\/site\/?p=33235"},"modified":"2025-01-21T11:47:37","modified_gmt":"2025-01-21T14:47:37","slug":"prazo-para-inscricao-no-sisu-termina-hoje","status":"publish","type":"post","link":"https:\/\/radiostudiow.com.br\/site\/2025\/01\/21\/prazo-para-inscricao-no-sisu-termina-hoje\/","title":{"rendered":"Prazo para inscri\u00e7\u00e3o no Sisu termina hoje"},"content":{"rendered":"\n<p><\/p>\n\n\n\n<figure class=\"wp-block-image size-full\"><img loading=\"lazy\" decoding=\"async\" width=\"897\" height=\"204\" src=\"https:\/\/radiostudiow.com.br\/site\/wp-content\/uploads\/2024\/01\/SITE-GRANDE3.png\" alt=\"zaions\" class=\"wp-image-18936\" srcset=\"https:\/\/radiostudiow.com.br\/site\/wp-content\/uploads\/2024\/01\/SITE-GRANDE3.png 897w, https:\/\/radiostudiow.com.br\/site\/wp-content\/uploads\/2024\/01\/SITE-GRANDE3-300x68.png 300w, https:\/\/radiostudiow.com.br\/site\/wp-content\/uploads\/2024\/01\/SITE-GRANDE3-768x175.png 768w\" sizes=\"auto, (max-width: 897px) 100vw, 897px\" \/><\/figure>\n\n\n\n<p><\/p>\n\n\n\n<p>Estudantes t\u00eam at\u00e9 23h59 (hor\u00e1rio de Bras\u00edlia) desta ter\u00e7a-feira (21) para se inscrever no Sistema de Sele\u00e7\u00e3o Unificada (Sisu) 2025. Segundo o cronograma divulgado pelo Minist\u00e9rio da Educa\u00e7\u00e3o (MEC),o resultado da chamada regular est\u00e1 previsto para 26 de janeiro e as matr\u00edculas ter\u00e3o in\u00edcio em 27 de janeiro.<\/p>\n\n\n\n<p>A inscri\u00e7\u00e3o \u00e9 gratuita e pode ser feita exclusivamente pelo Portal de Acesso \u00danico ao Ensino Superior<\/p>\n\n\n\n<p>Os classificados na chamada regular poder\u00e3o realizar a matr\u00edcula at\u00e9 31 de janeiro e os n\u00e3o selecionados poder\u00e3o manifestar interesse em participar da lista de espera no per\u00edodo de 26 a 31 de janeiro.<\/p>\n\n\n\n<p>Todos os candidatos que participaram, fora da condi\u00e7\u00e3o de treineiro, do Exame Nacional do Ensino M\u00e9dio (Enem) de 2024 e n\u00e3o zeraram a prova de reda\u00e7\u00e3o podem se inscrever no Sisu e concorrer a vagas ofertadas em institui\u00e7\u00f5es p\u00fablicas de ensino superior. Automaticamente s\u00e3o classificados de acordo com a m\u00e9dia da nota do Enem nas vagas disponibilizadas em universidades e institutos federais.<\/p>\n\n\n\n<p><\/p>\n\n\n\n<figure class=\"wp-block-image size-full\"><img loading=\"lazy\" decoding=\"async\" width=\"598\" height=\"204\" src=\"https:\/\/radiostudiow.com.br\/site\/wp-content\/uploads\/2024\/01\/SITE-MEDIO.png\" alt=\"\" class=\"wp-image-18916\" srcset=\"https:\/\/radiostudiow.com.br\/site\/wp-content\/uploads\/2024\/01\/SITE-MEDIO.png 598w, https:\/\/radiostudiow.com.br\/site\/wp-content\/uploads\/2024\/01\/SITE-MEDIO-300x102.png 300w\" sizes=\"auto, (max-width: 598px) 100vw, 598px\" \/><\/figure>\n\n\n\n<p><\/p>\n\n\n\n<p class=\"has-medium-font-size\"><strong>Inscri\u00e7\u00e3o<\/strong><\/p>\n\n\n\n<p>Ao acessar o Portal de Acesso \u00danico ao Ensino Superior, o candidato deve acessar a p\u00e1gina do Sisu e clicar em \u201cfazer inscri\u00e7\u00e3o\u201d.<\/p>\n\n\n\n<p>Depois \u00e9 necess\u00e1rio acessar com a conta gov.br ou fazer o cadastro. Tamb\u00e9m deve confirmar os dados e preencher um formul\u00e1rio sobre o perfil socioecon\u00f4mico para a classifica\u00e7\u00e3o em pol\u00edticas afirmativas.<\/p>\n\n\n\n<p>Na inscri\u00e7\u00e3o, o candidato deve escolher at\u00e9 duas op\u00e7\u00f5es de curso e confirmar. Automaticamente, o estudante ser\u00e1 encaminhado para a tela \u201cminha inscri\u00e7\u00e3o\u201d, com todas as informa\u00e7\u00f5es sobre op\u00e7\u00e3o de curso e classifica\u00e7\u00e3o parcial.<\/p>\n\n\n\n<p class=\"has-medium-font-size\"><strong>Oferta<\/strong><\/p>\n\n\n\n<p>Nesta edi\u00e7\u00e3o, foram ofertadas 261.779 vagas em institui\u00e7\u00f5es p\u00fablicas de ensino superior de todo o pa\u00eds. O maior n\u00famero de vagas foi ofertado no estado de Minas Gerais (34.049), seguido do Rio de Janeiro, (28.424); Bahia 22.889) e Para\u00edba (21.268).<\/p>\n\n\n\n<p>Desse total, mais de 68 mil s\u00e3o para o p\u00fablico-alvo do P\u00e9-de-Meia Licenciaturas, iniciativa do novo programa Mais Professores para o Brasil, lan\u00e7ado pelo governo federal e direcionado a estudantes que queiram ingressar no curso de licenciatura.<\/p>\n\n\n\n<p><\/p>\n\n\n\n<figure class=\"wp-block-image size-full\"><img loading=\"lazy\" decoding=\"async\" width=\"900\" height=\"205\" src=\"https:\/\/radiostudiow.com.br\/site\/wp-content\/uploads\/2024\/03\/bannertijolao-e1733625657395.jpg\" alt=\"\" class=\"wp-image-20494\" srcset=\"https:\/\/radiostudiow.com.br\/site\/wp-content\/uploads\/2024\/03\/bannertijolao-e1733625657395.jpg 900w, https:\/\/radiostudiow.com.br\/site\/wp-content\/uploads\/2024\/03\/bannertijolao-e1733625657395-300x68.jpg 300w, https:\/\/radiostudiow.com.br\/site\/wp-content\/uploads\/2024\/03\/bannertijolao-e1733625657395-768x175.jpg 768w\" sizes=\"auto, (max-width: 900px) 100vw, 900px\" \/><\/figure>\n\n\n\n<figure class=\"wp-block-image size-full\"><img loading=\"lazy\" decoding=\"async\" width=\"897\" height=\"204\" src=\"https:\/\/radiostudiow.com.br\/site\/wp-content\/uploads\/2024\/08\/TIJOLAO.png\" alt=\"\" class=\"wp-image-25951\" srcset=\"https:\/\/radiostudiow.com.br\/site\/wp-content\/uploads\/2024\/08\/TIJOLAO.png 897w, https:\/\/radiostudiow.com.br\/site\/wp-content\/uploads\/2024\/08\/TIJOLAO-300x68.png 300w, https:\/\/radiostudiow.com.br\/site\/wp-content\/uploads\/2024\/08\/TIJOLAO-768x175.png 768w\" sizes=\"auto, (max-width: 897px) 100vw, 897px\" \/><\/figure>\n\n\n\n<p><\/p>\n\n\n\n<p>Fonte: Ag\u00eancia Brasil<\/p>\n","protected":false},"excerpt":{"rendered":"<p>Estudantes t\u00eam at\u00e9 23h59 (hor\u00e1rio de Bras\u00edlia) desta ter\u00e7a-feira (21) para se inscrever no Sistema de Sele\u00e7\u00e3o Unificada (Sisu) 2025. Segundo o cronograma divulgado pelo Minist\u00e9rio da Educa\u00e7\u00e3o (MEC),o resultado da chamada regular est\u00e1 previsto para 26 de janeiro e as matr\u00edculas ter\u00e3o in\u00edcio em 27 de janeiro. A inscri\u00e7\u00e3o \u00e9 gratuita e pode ser [&hellip;]<\/p>\n","protected":false},"author":2,"featured_media":33236,"comment_status":"open","ping_status":"open","sticky":false,"template":"","format":"standard","meta":{"footnotes":""},"categories":[7],"tags":[172],"class_list":["post-33235","post","type-post","status-publish","format-standard","has-post-thumbnail","hentry","category-geral","tag-featured"],"amp_enabled":true,"_links":{"self":[{"href":"https:\/\/radiostudiow.com.br\/site\/wp-json\/wp\/v2\/posts\/33235","targetHints":{"allow":["GET"]}}],"collection":[{"href":"https:\/\/radiostudiow.com.br\/site\/wp-json\/wp\/v2\/posts"}],"about":[{"href":"https:\/\/radiostudiow.com.br\/site\/wp-json\/wp\/v2\/types\/post"}],"author":[{"embeddable":true,"href":"https:\/\/radiostudiow.com.br\/site\/wp-json\/wp\/v2\/users\/2"}],"replies":[{"embeddable":true,"href":"https:\/\/radiostudiow.com.br\/site\/wp-json\/wp\/v2\/comments?post=33235"}],"version-history":[{"count":2,"href":"https:\/\/radiostudiow.com.br\/site\/wp-json\/wp\/v2\/posts\/33235\/revisions"}],"predecessor-version":[{"id":33238,"href":"https:\/\/radiostudiow.com.br\/site\/wp-json\/wp\/v2\/posts\/33235\/revisions\/33238"}],"wp:featuredmedia":[{"embeddable":true,"href":"https:\/\/radiostudiow.com.br\/site\/wp-json\/wp\/v2\/media\/33236"}],"wp:attachment":[{"href":"https:\/\/radiostudiow.com.br\/site\/wp-json\/wp\/v2\/media?parent=33235"}],"wp:term":[{"taxonomy":"category","embeddable":true,"href":"https:\/\/radiostudiow.com.br\/site\/wp-json\/wp\/v2\/categories?post=33235"},{"taxonomy":"post_tag","embeddable":true,"href":"https:\/\/radiostudiow.com.br\/site\/wp-json\/wp\/v2\/tags?post=33235"}],"curies":[{"name":"wp","href":"https:\/\/api.w.org\/{rel}","templated":true}]}}