{"id":33254,"date":"2025-01-23T19:52:52","date_gmt":"2025-01-23T22:52:52","guid":{"rendered":"https:\/\/radiostudiow.com.br\/site\/?p=33254"},"modified":"2025-01-23T19:52:52","modified_gmt":"2025-01-23T22:52:52","slug":"suspeito-de-estupro-de-vulneravel-e-preso-em-mallet","status":"publish","type":"post","link":"https:\/\/radiostudiow.com.br\/site\/2025\/01\/23\/suspeito-de-estupro-de-vulneravel-e-preso-em-mallet\/","title":{"rendered":"Suspeito de Estupro de Vulner\u00e1vel \u00e9 Preso em Mallet"},"content":{"rendered":"\n<p><\/p>\n\n\n\n<figure class=\"wp-block-image size-full\"><img loading=\"lazy\" decoding=\"async\" width=\"897\" height=\"204\" src=\"https:\/\/radiostudiow.com.br\/site\/wp-content\/uploads\/2024\/01\/SITE-GRANDE3.png\" alt=\"zaions\" class=\"wp-image-18936\" srcset=\"https:\/\/radiostudiow.com.br\/site\/wp-content\/uploads\/2024\/01\/SITE-GRANDE3.png 897w, https:\/\/radiostudiow.com.br\/site\/wp-content\/uploads\/2024\/01\/SITE-GRANDE3-300x68.png 300w, https:\/\/radiostudiow.com.br\/site\/wp-content\/uploads\/2024\/01\/SITE-GRANDE3-768x175.png 768w\" sizes=\"auto, (max-width: 897px) 100vw, 897px\" \/><\/figure>\n\n\n\n<p><\/p>\n\n\n\n<p>Na manh\u00e3 desta quinta-feira (23), um homem suspeito de praticar estupro de vulner\u00e1vel contra duas crian\u00e7as foi preso na \u00e1rea rural de Mallet. A a\u00e7\u00e3o foi resultado do cumprimento de um mandado de pris\u00e3o expedido pela Vara Criminal do munic\u00edpio.&nbsp;&nbsp;<\/p>\n\n\n\n<p>A opera\u00e7\u00e3o foi conduzida por equipes da 10\u00aa Delegacia Regional de Pol\u00edcia (10\u00aa DRP) e do 7\u00ba Pelot\u00e3o da Pol\u00edcia Militar do Paran\u00e1 (PMPR). O suspeito foi localizado e detido no interior do munic\u00edpio.&nbsp;&nbsp;<\/p>\n\n\n\n<p>Ap\u00f3s a pris\u00e3o, ele foi interrogado e, em seguida, encaminhado para a cadeia p\u00fablica de Uni\u00e3o da Vit\u00f3ria, onde permanece \u00e0 disposi\u00e7\u00e3o da Justi\u00e7a.&nbsp;&nbsp;<\/p>\n\n\n\n<p>O caso segue sob investiga\u00e7\u00e3o e, por envolver v\u00edtimas menores de idade, detalhes adicionais est\u00e3o sendo mantidos em sigilo.&nbsp;&nbsp;<\/p>\n\n\n\n<p><\/p>\n\n\n\n<figure class=\"wp-block-image size-full\"><img decoding=\"async\" src=\"https:\/\/radiostudiow.com.br\/site\/wp-content\/uploads\/2024\/01\/SITE-GRANDE.png\" alt=\"\" class=\"wp-image-18949\"\/><\/figure>\n\n\n\n<p><\/p>\n\n\n\n<p><\/p>\n\n\n\n<figure class=\"wp-block-image size-large\"><img loading=\"lazy\" decoding=\"async\" width=\"819\" height=\"1024\" src=\"https:\/\/radiostudiow.com.br\/site\/wp-content\/uploads\/2025\/01\/01-2-819x1024.jpg\" alt=\"\" class=\"wp-image-33255\" srcset=\"https:\/\/radiostudiow.com.br\/site\/wp-content\/uploads\/2025\/01\/01-2-819x1024.jpg 819w, https:\/\/radiostudiow.com.br\/site\/wp-content\/uploads\/2025\/01\/01-2-240x300.jpg 240w, https:\/\/radiostudiow.com.br\/site\/wp-content\/uploads\/2025\/01\/01-2-768x960.jpg 768w, https:\/\/radiostudiow.com.br\/site\/wp-content\/uploads\/2025\/01\/01-2-1229x1536.jpg 1229w, https:\/\/radiostudiow.com.br\/site\/wp-content\/uploads\/2025\/01\/01-2.jpg 1440w\" sizes=\"auto, (max-width: 819px) 100vw, 819px\" \/><\/figure>\n\n\n\n<p><\/p>\n\n\n\n<figure class=\"wp-block-image size-large\"><img loading=\"lazy\" decoding=\"async\" width=\"816\" height=\"1024\" src=\"https:\/\/radiostudiow.com.br\/site\/wp-content\/uploads\/2025\/01\/02-3-816x1024.jpg\" alt=\"\" class=\"wp-image-33256\" srcset=\"https:\/\/radiostudiow.com.br\/site\/wp-content\/uploads\/2025\/01\/02-3-816x1024.jpg 816w, https:\/\/radiostudiow.com.br\/site\/wp-content\/uploads\/2025\/01\/02-3-239x300.jpg 239w, https:\/\/radiostudiow.com.br\/site\/wp-content\/uploads\/2025\/01\/02-3-768x963.jpg 768w, https:\/\/radiostudiow.com.br\/site\/wp-content\/uploads\/2025\/01\/02-3-1225x1536.jpg 1225w, https:\/\/radiostudiow.com.br\/site\/wp-content\/uploads\/2025\/01\/02-3.jpg 1440w\" sizes=\"auto, (max-width: 816px) 100vw, 816px\" \/><\/figure>\n\n\n\n<p><\/p>\n\n\n\n<p>Fotos \/ Informa\u00e7\u00f5es: PCPR Mallet.<\/p>\n\n\n\n<p><\/p>\n\n\n\n<p><\/p>\n\n\n\n<figure class=\"wp-block-image size-full\"><img loading=\"lazy\" decoding=\"async\" width=\"900\" height=\"408\" src=\"https:\/\/radiostudiow.com.br\/site\/wp-content\/uploads\/2025\/01\/SITE-E-TV.png\" alt=\"\" class=\"wp-image-33052\" srcset=\"https:\/\/radiostudiow.com.br\/site\/wp-content\/uploads\/2025\/01\/SITE-E-TV.png 900w, https:\/\/radiostudiow.com.br\/site\/wp-content\/uploads\/2025\/01\/SITE-E-TV-300x136.png 300w, https:\/\/radiostudiow.com.br\/site\/wp-content\/uploads\/2025\/01\/SITE-E-TV-768x348.png 768w\" sizes=\"auto, (max-width: 900px) 100vw, 900px\" \/><\/figure>\n","protected":false},"excerpt":{"rendered":"<p>Na manh\u00e3 desta quinta-feira (23), um homem suspeito de praticar estupro de vulner\u00e1vel contra duas crian\u00e7as foi preso na \u00e1rea rural de Mallet. A a\u00e7\u00e3o foi resultado do cumprimento de um mandado de pris\u00e3o expedido pela Vara Criminal do munic\u00edpio.&nbsp;&nbsp; A opera\u00e7\u00e3o foi conduzida por equipes da 10\u00aa Delegacia Regional de Pol\u00edcia (10\u00aa DRP) e [&hellip;]<\/p>\n","protected":false},"author":2,"featured_media":33255,"comment_status":"open","ping_status":"open","sticky":false,"template":"","format":"standard","meta":{"footnotes":""},"categories":[184,2],"tags":[172],"class_list":["post-33254","post","type-post","status-publish","format-standard","has-post-thumbnail","hentry","category-local","category-policial","tag-featured"],"amp_enabled":true,"_links":{"self":[{"href":"https:\/\/radiostudiow.com.br\/site\/wp-json\/wp\/v2\/posts\/33254","targetHints":{"allow":["GET"]}}],"collection":[{"href":"https:\/\/radiostudiow.com.br\/site\/wp-json\/wp\/v2\/posts"}],"about":[{"href":"https:\/\/radiostudiow.com.br\/site\/wp-json\/wp\/v2\/types\/post"}],"author":[{"embeddable":true,"href":"https:\/\/radiostudiow.com.br\/site\/wp-json\/wp\/v2\/users\/2"}],"replies":[{"embeddable":true,"href":"https:\/\/radiostudiow.com.br\/site\/wp-json\/wp\/v2\/comments?post=33254"}],"version-history":[{"count":1,"href":"https:\/\/radiostudiow.com.br\/site\/wp-json\/wp\/v2\/posts\/33254\/revisions"}],"predecessor-version":[{"id":33257,"href":"https:\/\/radiostudiow.com.br\/site\/wp-json\/wp\/v2\/posts\/33254\/revisions\/33257"}],"wp:featuredmedia":[{"embeddable":true,"href":"https:\/\/radiostudiow.com.br\/site\/wp-json\/wp\/v2\/media\/33255"}],"wp:attachment":[{"href":"https:\/\/radiostudiow.com.br\/site\/wp-json\/wp\/v2\/media?parent=33254"}],"wp:term":[{"taxonomy":"category","embeddable":true,"href":"https:\/\/radiostudiow.com.br\/site\/wp-json\/wp\/v2\/categories?post=33254"},{"taxonomy":"post_tag","embeddable":true,"href":"https:\/\/radiostudiow.com.br\/site\/wp-json\/wp\/v2\/tags?post=33254"}],"curies":[{"name":"wp","href":"https:\/\/api.w.org\/{rel}","templated":true}]}}