{"id":33262,"date":"2025-01-24T10:05:57","date_gmt":"2025-01-24T13:05:57","guid":{"rendered":"https:\/\/radiostudiow.com.br\/site\/?p=33262"},"modified":"2025-01-24T10:07:31","modified_gmt":"2025-01-24T13:07:31","slug":"detento-evacua-drogas-apos-retorno-de-saida-temporaria-em-porto-uniao","status":"publish","type":"post","link":"https:\/\/radiostudiow.com.br\/site\/2025\/01\/24\/detento-evacua-drogas-apos-retorno-de-saida-temporaria-em-porto-uniao\/","title":{"rendered":"Detento evacua drogas ap\u00f3s retorno de sa\u00edda tempor\u00e1ria em Porto Uni\u00e3o"},"content":{"rendered":"\n<figure class=\"wp-block-image size-full\"><img loading=\"lazy\" decoding=\"async\" width=\"897\" height=\"204\" src=\"https:\/\/radiostudiow.com.br\/site\/wp-content\/uploads\/2024\/01\/SITE-GRANDE3.png\" alt=\"zaions\" class=\"wp-image-18936\" srcset=\"https:\/\/radiostudiow.com.br\/site\/wp-content\/uploads\/2024\/01\/SITE-GRANDE3.png 897w, https:\/\/radiostudiow.com.br\/site\/wp-content\/uploads\/2024\/01\/SITE-GRANDE3-300x68.png 300w, https:\/\/radiostudiow.com.br\/site\/wp-content\/uploads\/2024\/01\/SITE-GRANDE3-768x175.png 768w\" sizes=\"auto, (max-width: 897px) 100vw, 897px\" \/><\/figure>\n\n\n\n<p><\/p>\n\n\n\n<p>Na \u00faltima segunda-feira (20), a Pol\u00edcia Militar de Porto Uni\u00e3o recebeu uma den\u00fancia de que um detento, que estava em sa\u00edda tempor\u00e1ria, retornaria ao pres\u00eddio na ter\u00e7a-feira, dia 21, portando drogas.<\/p>\n\n\n\n<p>As informa\u00e7\u00f5es foram repassadas de imediato \u00e0 Pol\u00edcia Penal de Porto Uni\u00e3o para investiga\u00e7\u00e3o e provid\u00eancias.<\/p>\n\n\n\n<p>Ao retornar ao pres\u00eddio, o homem foi colocado em isolamento preventivo. Cerca de tr\u00eas horas ap\u00f3s sua chegada, o detento solicitou \u00e1gua e, pouco tempo depois, evacuou 10 buchas de maconha, confirmando as suspeitas iniciais.<\/p>\n\n\n\n<p>A droga foi apreendida pelas autoridades e o apenado autuado em flagrante.<\/p>\n\n\n\n<p><\/p>\n\n\n\n<figure class=\"wp-block-image size-full\"><img loading=\"lazy\" decoding=\"async\" width=\"861\" height=\"542\" src=\"https:\/\/radiostudiow.com.br\/site\/wp-content\/uploads\/2025\/01\/02-4.jpg\" alt=\"\" class=\"wp-image-33264\" srcset=\"https:\/\/radiostudiow.com.br\/site\/wp-content\/uploads\/2025\/01\/02-4.jpg 861w, https:\/\/radiostudiow.com.br\/site\/wp-content\/uploads\/2025\/01\/02-4-300x189.jpg 300w, https:\/\/radiostudiow.com.br\/site\/wp-content\/uploads\/2025\/01\/02-4-768x483.jpg 768w\" sizes=\"auto, (max-width: 861px) 100vw, 861px\" \/><\/figure>\n\n\n\n<p><\/p>\n\n\n\n<p>Fonte: VVALE<\/p>\n\n\n\n<p><\/p>\n\n\n\n<figure class=\"wp-block-image size-large\"><img decoding=\"async\" src=\"https:\/\/radiostudiow.com.br\/site\/wp-content\/uploads\/2025\/01\/anigif_medio_ok-1024x213.gif\" alt=\"\" class=\"wp-image-32977\"\/><\/figure>\n\n\n\n<p><\/p>\n","protected":false},"excerpt":{"rendered":"<p>Na \u00faltima segunda-feira (20), a Pol\u00edcia Militar de Porto Uni\u00e3o recebeu uma den\u00fancia de que um detento, que estava em sa\u00edda tempor\u00e1ria, retornaria ao pres\u00eddio na ter\u00e7a-feira, dia 21, portando drogas. As informa\u00e7\u00f5es foram repassadas de imediato \u00e0 Pol\u00edcia Penal de Porto Uni\u00e3o para investiga\u00e7\u00e3o e provid\u00eancias. Ao retornar ao pres\u00eddio, o homem foi colocado [&hellip;]<\/p>\n","protected":false},"author":2,"featured_media":0,"comment_status":"open","ping_status":"open","sticky":false,"template":"","format":"standard","meta":{"footnotes":""},"categories":[2,185],"tags":[172],"class_list":["post-33262","post","type-post","status-publish","format-standard","hentry","category-policial","category-regional","tag-featured"],"amp_enabled":true,"_links":{"self":[{"href":"https:\/\/radiostudiow.com.br\/site\/wp-json\/wp\/v2\/posts\/33262","targetHints":{"allow":["GET"]}}],"collection":[{"href":"https:\/\/radiostudiow.com.br\/site\/wp-json\/wp\/v2\/posts"}],"about":[{"href":"https:\/\/radiostudiow.com.br\/site\/wp-json\/wp\/v2\/types\/post"}],"author":[{"embeddable":true,"href":"https:\/\/radiostudiow.com.br\/site\/wp-json\/wp\/v2\/users\/2"}],"replies":[{"embeddable":true,"href":"https:\/\/radiostudiow.com.br\/site\/wp-json\/wp\/v2\/comments?post=33262"}],"version-history":[{"count":1,"href":"https:\/\/radiostudiow.com.br\/site\/wp-json\/wp\/v2\/posts\/33262\/revisions"}],"predecessor-version":[{"id":33266,"href":"https:\/\/radiostudiow.com.br\/site\/wp-json\/wp\/v2\/posts\/33262\/revisions\/33266"}],"wp:attachment":[{"href":"https:\/\/radiostudiow.com.br\/site\/wp-json\/wp\/v2\/media?parent=33262"}],"wp:term":[{"taxonomy":"category","embeddable":true,"href":"https:\/\/radiostudiow.com.br\/site\/wp-json\/wp\/v2\/categories?post=33262"},{"taxonomy":"post_tag","embeddable":true,"href":"https:\/\/radiostudiow.com.br\/site\/wp-json\/wp\/v2\/tags?post=33262"}],"curies":[{"name":"wp","href":"https:\/\/api.w.org\/{rel}","templated":true}]}}