{"id":33263,"date":"2025-01-24T10:37:27","date_gmt":"2025-01-24T13:37:27","guid":{"rendered":"https:\/\/radiostudiow.com.br\/site\/?p=33263"},"modified":"2025-01-24T10:40:57","modified_gmt":"2025-01-24T13:40:57","slug":"homem-e-preso-por-descumprir-medida-protetiva-e-ameacar-cunhada-com-facao-em-sao-mateus-do-sul","status":"publish","type":"post","link":"https:\/\/radiostudiow.com.br\/site\/2025\/01\/24\/homem-e-preso-por-descumprir-medida-protetiva-e-ameacar-cunhada-com-facao-em-sao-mateus-do-sul\/","title":{"rendered":"Homem \u00e9 preso por descumprir medida protetiva e amea\u00e7ar cunhada com fac\u00e3o em S\u00e3o Mateus do Sul"},"content":{"rendered":"\n<figure class=\"wp-block-image size-full\"><img loading=\"lazy\" decoding=\"async\" width=\"900\" height=\"205\" src=\"https:\/\/radiostudiow.com.br\/site\/wp-content\/uploads\/2024\/03\/bannertijolao-e1733625657395.jpg\" alt=\"\" class=\"wp-image-20494\" srcset=\"https:\/\/radiostudiow.com.br\/site\/wp-content\/uploads\/2024\/03\/bannertijolao-e1733625657395.jpg 900w, https:\/\/radiostudiow.com.br\/site\/wp-content\/uploads\/2024\/03\/bannertijolao-e1733625657395-300x68.jpg 300w, https:\/\/radiostudiow.com.br\/site\/wp-content\/uploads\/2024\/03\/bannertijolao-e1733625657395-768x175.jpg 768w\" sizes=\"auto, (max-width: 900px) 100vw, 900px\" \/><\/figure>\n\n\n\n<figure class=\"wp-block-image size-full\"><img loading=\"lazy\" decoding=\"async\" width=\"897\" height=\"204\" src=\"https:\/\/radiostudiow.com.br\/site\/wp-content\/uploads\/2024\/08\/TIJOLAO.png\" alt=\"\" class=\"wp-image-25951\" srcset=\"https:\/\/radiostudiow.com.br\/site\/wp-content\/uploads\/2024\/08\/TIJOLAO.png 897w, https:\/\/radiostudiow.com.br\/site\/wp-content\/uploads\/2024\/08\/TIJOLAO-300x68.png 300w, https:\/\/radiostudiow.com.br\/site\/wp-content\/uploads\/2024\/08\/TIJOLAO-768x175.png 768w\" sizes=\"auto, (max-width: 897px) 100vw, 897px\" \/><\/figure>\n\n\n\n<p><\/p>\n\n\n\n<p>Uma ocorr\u00eancia de amea\u00e7a com arma branca mobilizou a Pol\u00edcia Militar no in\u00edcio da tarde de quarta-feira (22) no centro de S\u00e3o Mateus do Sul. De acordo com o boletim de ocorr\u00eancia, a equipe foi acionada por volta das 13h para atender a uma den\u00fancia de viol\u00eancia envolvendo um homem e sua cunhada.<\/p>\n\n\n\n<p>Segundo o relato da v\u00edtima, o cunhado foi at\u00e9 a sua resid\u00eancia portando um fac\u00e3o e a amea\u00e7ou de morte. Ela afirmou que o agressor n\u00e3o a atacou fisicamente porque terceiros intervieram no momento da confus\u00e3o. A v\u00edtima tamb\u00e9m informou que h\u00e1 uma medida protetiva em vigor contra o homem, a qual ele estaria descumprindo com sua aproxima\u00e7\u00e3o.<\/p>\n\n\n\n<p>Ap\u00f3s o relato, os policiais iniciaram patrulhamento pelas redondezas e localizaram o suspeito sentado na cal\u00e7ada em frente \u00e0 sua resid\u00eancia. Durante a abordagem, nada il\u00edcito foi encontrado em sua posse, mas, ao revistarem a bicicleta que estava ao seu lado, os agentes encontraram uma faca grande e um fac\u00e3o.<\/p>\n\n\n\n<p>O homem recebeu voz de pris\u00e3o pelos crimes de amea\u00e7a, porte ilegal de arma branca e descumprimento de medida protetiva. Ele foi informado de seus direitos constitucionais e conduzido \u00e0 delegacia para os procedimentos cab\u00edveis.<\/p>\n\n\n\n<p><\/p>\n\n\n\n<figure class=\"wp-block-image size-full\"><img loading=\"lazy\" decoding=\"async\" width=\"598\" height=\"204\" src=\"https:\/\/radiostudiow.com.br\/site\/wp-content\/uploads\/2025\/01\/SITE-MEDIO7.png\" alt=\"\" class=\"wp-image-32801\" srcset=\"https:\/\/radiostudiow.com.br\/site\/wp-content\/uploads\/2025\/01\/SITE-MEDIO7.png 598w, https:\/\/radiostudiow.com.br\/site\/wp-content\/uploads\/2025\/01\/SITE-MEDIO7-300x102.png 300w\" sizes=\"auto, (max-width: 598px) 100vw, 598px\" \/><\/figure>\n","protected":false},"excerpt":{"rendered":"<p>Uma ocorr\u00eancia de amea\u00e7a com arma branca mobilizou a Pol\u00edcia Militar no in\u00edcio da tarde de quarta-feira (22) no centro de S\u00e3o Mateus do Sul. De acordo com o boletim de ocorr\u00eancia, a equipe foi acionada por volta das 13h para atender a uma den\u00fancia de viol\u00eancia envolvendo um homem e sua cunhada. Segundo o [&hellip;]<\/p>\n","protected":false},"author":2,"featured_media":14798,"comment_status":"open","ping_status":"open","sticky":false,"template":"","format":"standard","meta":{"footnotes":""},"categories":[2,185],"tags":[172],"class_list":["post-33263","post","type-post","status-publish","format-standard","has-post-thumbnail","hentry","category-policial","category-regional","tag-featured"],"amp_enabled":true,"_links":{"self":[{"href":"https:\/\/radiostudiow.com.br\/site\/wp-json\/wp\/v2\/posts\/33263","targetHints":{"allow":["GET"]}}],"collection":[{"href":"https:\/\/radiostudiow.com.br\/site\/wp-json\/wp\/v2\/posts"}],"about":[{"href":"https:\/\/radiostudiow.com.br\/site\/wp-json\/wp\/v2\/types\/post"}],"author":[{"embeddable":true,"href":"https:\/\/radiostudiow.com.br\/site\/wp-json\/wp\/v2\/users\/2"}],"replies":[{"embeddable":true,"href":"https:\/\/radiostudiow.com.br\/site\/wp-json\/wp\/v2\/comments?post=33263"}],"version-history":[{"count":1,"href":"https:\/\/radiostudiow.com.br\/site\/wp-json\/wp\/v2\/posts\/33263\/revisions"}],"predecessor-version":[{"id":33269,"href":"https:\/\/radiostudiow.com.br\/site\/wp-json\/wp\/v2\/posts\/33263\/revisions\/33269"}],"wp:featuredmedia":[{"embeddable":true,"href":"https:\/\/radiostudiow.com.br\/site\/wp-json\/wp\/v2\/media\/14798"}],"wp:attachment":[{"href":"https:\/\/radiostudiow.com.br\/site\/wp-json\/wp\/v2\/media?parent=33263"}],"wp:term":[{"taxonomy":"category","embeddable":true,"href":"https:\/\/radiostudiow.com.br\/site\/wp-json\/wp\/v2\/categories?post=33263"},{"taxonomy":"post_tag","embeddable":true,"href":"https:\/\/radiostudiow.com.br\/site\/wp-json\/wp\/v2\/tags?post=33263"}],"curies":[{"name":"wp","href":"https:\/\/api.w.org\/{rel}","templated":true}]}}