{"id":33274,"date":"2025-01-24T11:41:27","date_gmt":"2025-01-24T14:41:27","guid":{"rendered":"https:\/\/radiostudiow.com.br\/site\/?p=33274"},"modified":"2025-01-24T11:41:27","modified_gmt":"2025-01-24T14:41:27","slug":"homem-e-preso-apos-ameacar-familia-com-faca-em-uniao-da-vitoria","status":"publish","type":"post","link":"https:\/\/radiostudiow.com.br\/site\/2025\/01\/24\/homem-e-preso-apos-ameacar-familia-com-faca-em-uniao-da-vitoria\/","title":{"rendered":"Homem \u00e9 preso ap\u00f3s amea\u00e7ar fam\u00edlia com faca em Uni\u00e3o da Vit\u00f3ria"},"content":{"rendered":"\n<p><\/p>\n\n\n\n<figure class=\"wp-block-image size-full\"><img decoding=\"async\" src=\"https:\/\/radiostudiow.com.br\/site\/wp-content\/uploads\/2024\/01\/SITE-GRANDE.png\" alt=\"\" class=\"wp-image-18949\"\/><\/figure>\n\n\n\n<p><\/p>\n\n\n\n<p style=\"font-size:21px\">Na tarde de quinta-feira (23), por volta das 16h22, a Pol\u00edcia Militar foi acionada para atender uma ocorr\u00eancia de amea\u00e7a no bairro Panorama, em Uni\u00e3o da Vit\u00f3ria.<\/p>\n\n\n\n<p style=\"font-size:21px\">De acordo com informa\u00e7\u00f5es fornecidas pela solicitante, o autor, que \u00e9 irm\u00e3o dela, apresentava comportamento agressivo e chegou a amea\u00e7ar a fam\u00edlia com uma faca. Durante o desentendimento, ele teria desferido um soco contra a pr\u00f3pria m\u00e3e e, em seguida, pegado uma faca de cozinha para investir contra a irm\u00e3.<\/p>\n\n\n\n<p style=\"font-size:21px\">A equipe policial se deslocou at\u00e9 o local e, ap\u00f3s conversar com a solicitante, constatou a gravidade da situa\u00e7\u00e3o. O autor foi detido e conduzido \u00e0 delegacia de pol\u00edcia para os procedimentos cab\u00edveis.<\/p>\n\n\n\n<p><\/p>\n\n\n\n<figure class=\"wp-block-image size-full\"><img loading=\"lazy\" decoding=\"async\" width=\"598\" height=\"204\" src=\"https:\/\/radiostudiow.com.br\/site\/wp-content\/uploads\/2023\/12\/SITE-MEDIO4.png\" alt=\"\" class=\"wp-image-17598\" srcset=\"https:\/\/radiostudiow.com.br\/site\/wp-content\/uploads\/2023\/12\/SITE-MEDIO4.png 598w, https:\/\/radiostudiow.com.br\/site\/wp-content\/uploads\/2023\/12\/SITE-MEDIO4-300x102.png 300w\" sizes=\"auto, (max-width: 598px) 100vw, 598px\" \/><\/figure>\n\n\n\n<p><\/p>\n","protected":false},"excerpt":{"rendered":"<p>Na tarde de quinta-feira (23), por volta das 16h22, a Pol\u00edcia Militar foi acionada para atender uma ocorr\u00eancia de amea\u00e7a no bairro Panorama, em Uni\u00e3o da Vit\u00f3ria. De acordo com informa\u00e7\u00f5es fornecidas pela solicitante, o autor, que \u00e9 irm\u00e3o dela, apresentava comportamento agressivo e chegou a amea\u00e7ar a fam\u00edlia com uma faca. Durante o desentendimento, [&hellip;]<\/p>\n","protected":false},"author":2,"featured_media":14208,"comment_status":"open","ping_status":"open","sticky":false,"template":"","format":"standard","meta":{"footnotes":""},"categories":[2,185],"tags":[172],"class_list":["post-33274","post","type-post","status-publish","format-standard","has-post-thumbnail","hentry","category-policial","category-regional","tag-featured"],"amp_enabled":true,"_links":{"self":[{"href":"https:\/\/radiostudiow.com.br\/site\/wp-json\/wp\/v2\/posts\/33274","targetHints":{"allow":["GET"]}}],"collection":[{"href":"https:\/\/radiostudiow.com.br\/site\/wp-json\/wp\/v2\/posts"}],"about":[{"href":"https:\/\/radiostudiow.com.br\/site\/wp-json\/wp\/v2\/types\/post"}],"author":[{"embeddable":true,"href":"https:\/\/radiostudiow.com.br\/site\/wp-json\/wp\/v2\/users\/2"}],"replies":[{"embeddable":true,"href":"https:\/\/radiostudiow.com.br\/site\/wp-json\/wp\/v2\/comments?post=33274"}],"version-history":[{"count":1,"href":"https:\/\/radiostudiow.com.br\/site\/wp-json\/wp\/v2\/posts\/33274\/revisions"}],"predecessor-version":[{"id":33277,"href":"https:\/\/radiostudiow.com.br\/site\/wp-json\/wp\/v2\/posts\/33274\/revisions\/33277"}],"wp:featuredmedia":[{"embeddable":true,"href":"https:\/\/radiostudiow.com.br\/site\/wp-json\/wp\/v2\/media\/14208"}],"wp:attachment":[{"href":"https:\/\/radiostudiow.com.br\/site\/wp-json\/wp\/v2\/media?parent=33274"}],"wp:term":[{"taxonomy":"category","embeddable":true,"href":"https:\/\/radiostudiow.com.br\/site\/wp-json\/wp\/v2\/categories?post=33274"},{"taxonomy":"post_tag","embeddable":true,"href":"https:\/\/radiostudiow.com.br\/site\/wp-json\/wp\/v2\/tags?post=33274"}],"curies":[{"name":"wp","href":"https:\/\/api.w.org\/{rel}","templated":true}]}}