{"id":33278,"date":"2025-01-24T12:03:41","date_gmt":"2025-01-24T15:03:41","guid":{"rendered":"https:\/\/radiostudiow.com.br\/site\/?p=33278"},"modified":"2025-01-24T12:03:41","modified_gmt":"2025-01-24T15:03:41","slug":"calendario-do-ipva-2025-vencimento-para-veiculos-com-final-1-e-2-e-nesta-sexta","status":"publish","type":"post","link":"https:\/\/radiostudiow.com.br\/site\/2025\/01\/24\/calendario-do-ipva-2025-vencimento-para-veiculos-com-final-1-e-2-e-nesta-sexta\/","title":{"rendered":"Calend\u00e1rio do IPVA 2025: vencimento para ve\u00edculos com final 1 e 2 \u00e9 nesta sexta"},"content":{"rendered":"\n<p><\/p>\n\n\n\n<figure class=\"wp-block-image size-full\"><img loading=\"lazy\" decoding=\"async\" width=\"897\" height=\"204\" src=\"https:\/\/radiostudiow.com.br\/site\/wp-content\/uploads\/2024\/01\/SITE-GRANDE3.png\" alt=\"zaions\" class=\"wp-image-18936\" srcset=\"https:\/\/radiostudiow.com.br\/site\/wp-content\/uploads\/2024\/01\/SITE-GRANDE3.png 897w, https:\/\/radiostudiow.com.br\/site\/wp-content\/uploads\/2024\/01\/SITE-GRANDE3-300x68.png 300w, https:\/\/radiostudiow.com.br\/site\/wp-content\/uploads\/2024\/01\/SITE-GRANDE3-768x175.png 768w\" sizes=\"auto, (max-width: 897px) 100vw, 897px\" \/><\/figure>\n\n\n\n<p><\/p>\n\n\n\n<p>Come\u00e7a nesta sexta-feira (24) o calend\u00e1rio de pagamento do Imposto sobre a Propriedade de Ve\u00edculos Automotores (IPVA) de 2025 para ve\u00edculos com final de placa 1 e 2. Este \u00e9 o prazo m\u00e1ximo tanto para efetuar o pagamento em parcela \u00fanica com desconto de 6%, quanto para optar pelo parcelamento em cinco vezes sem juros.<\/p>\n\n\n\n<p>A nova data foi estabelecida no in\u00edcio da semana ap\u00f3s a Secretaria de Estado da Fazenda (Sefa) e a Receita Estadual decidirem pelo adiamento dos prazos. O sistema de recolhimento do imposto passou por instabilidades na segunda-feira e, para garantir que nenhum motorista fosse prejudicado, optou-se por postergar o calend\u00e1rio. A plataforma j\u00e1 funciona normalmente.<\/p>\n\n\n\n<p><\/p>\n\n\n\n<figure class=\"wp-block-image size-full\"><img loading=\"lazy\" decoding=\"async\" width=\"900\" height=\"205\" src=\"https:\/\/radiostudiow.com.br\/site\/wp-content\/uploads\/2024\/03\/bannertijolao-e1733625657395.jpg\" alt=\"\" class=\"wp-image-20494\" srcset=\"https:\/\/radiostudiow.com.br\/site\/wp-content\/uploads\/2024\/03\/bannertijolao-e1733625657395.jpg 900w, https:\/\/radiostudiow.com.br\/site\/wp-content\/uploads\/2024\/03\/bannertijolao-e1733625657395-300x68.jpg 300w, https:\/\/radiostudiow.com.br\/site\/wp-content\/uploads\/2024\/03\/bannertijolao-e1733625657395-768x175.jpg 768w\" sizes=\"auto, (max-width: 900px) 100vw, 900px\" \/><\/figure>\n\n\n\n<figure class=\"wp-block-image size-full\"><img loading=\"lazy\" decoding=\"async\" width=\"897\" height=\"204\" src=\"https:\/\/radiostudiow.com.br\/site\/wp-content\/uploads\/2024\/08\/TIJOLAO.png\" alt=\"\" class=\"wp-image-25951\" srcset=\"https:\/\/radiostudiow.com.br\/site\/wp-content\/uploads\/2024\/08\/TIJOLAO.png 897w, https:\/\/radiostudiow.com.br\/site\/wp-content\/uploads\/2024\/08\/TIJOLAO-300x68.png 300w, https:\/\/radiostudiow.com.br\/site\/wp-content\/uploads\/2024\/08\/TIJOLAO-768x175.png 768w\" sizes=\"auto, (max-width: 897px) 100vw, 897px\" \/><\/figure>\n\n\n\n<p><\/p>\n\n\n\n<p>Com isso, todos os propriet\u00e1rios tiveram alguns dias a mais para pagar o IPVA 2025. Assim, o cronograma est\u00e1 disposto da seguinte forma, de acordo com o final da placa do ve\u00edculo:<\/p>\n\n\n\n<p><\/p>\n\n\n\n<figure class=\"wp-block-image size-large\"><img loading=\"lazy\" decoding=\"async\" width=\"1024\" height=\"576\" src=\"https:\/\/radiostudiow.com.br\/site\/wp-content\/uploads\/2025\/01\/ipva1-1-1024x576.jpg\" alt=\"\" class=\"wp-image-33212\" srcset=\"https:\/\/radiostudiow.com.br\/site\/wp-content\/uploads\/2025\/01\/ipva1-1-1024x576.jpg 1024w, https:\/\/radiostudiow.com.br\/site\/wp-content\/uploads\/2025\/01\/ipva1-1-300x169.jpg 300w, https:\/\/radiostudiow.com.br\/site\/wp-content\/uploads\/2025\/01\/ipva1-1-768x432.jpg 768w, https:\/\/radiostudiow.com.br\/site\/wp-content\/uploads\/2025\/01\/ipva1-1-1536x864.jpg 1536w, https:\/\/radiostudiow.com.br\/site\/wp-content\/uploads\/2025\/01\/ipva1-1.jpg 1920w\" sizes=\"auto, (max-width: 1024px) 100vw, 1024px\" \/><\/figure>\n\n\n\n<p><\/p>\n\n\n\n<p>O novo calend\u00e1rio, por\u00e9m, n\u00e3o altera as datas de vencimento das demais parcelas, de fevereiro a maio. Nesse caso, os prazos divulgados anteriormente continuam os mesmos.<\/p>\n\n\n\n<p><\/p>\n\n\n\n<figure class=\"wp-block-image size-large\"><img loading=\"lazy\" decoding=\"async\" width=\"1024\" height=\"576\" src=\"https:\/\/radiostudiow.com.br\/site\/wp-content\/uploads\/2025\/01\/ipva2-2-1024x576.jpg\" alt=\"\" class=\"wp-image-33213\" srcset=\"https:\/\/radiostudiow.com.br\/site\/wp-content\/uploads\/2025\/01\/ipva2-2-1024x576.jpg 1024w, https:\/\/radiostudiow.com.br\/site\/wp-content\/uploads\/2025\/01\/ipva2-2-300x169.jpg 300w, https:\/\/radiostudiow.com.br\/site\/wp-content\/uploads\/2025\/01\/ipva2-2-768x432.jpg 768w, https:\/\/radiostudiow.com.br\/site\/wp-content\/uploads\/2025\/01\/ipva2-2-1536x864.jpg 1536w, https:\/\/radiostudiow.com.br\/site\/wp-content\/uploads\/2025\/01\/ipva2-2.jpg 1920w\" sizes=\"auto, (max-width: 1024px) 100vw, 1024px\" \/><\/figure>\n\n\n\n<p><\/p>\n\n\n\n<p><strong>COMO PAGAR<\/strong> \u2013 Os contribuintes do Paran\u00e1 devem gerar as guias de recolhimento (GR-PR) para pagamento por meio dos canais oficiais. Elas devem ser emitidas pelo Portal do IPVA ou o Portal de Pagamentos de Tributos.<\/p>\n\n\n\n<p>Tamb\u00e9m \u00e9 poss\u00edvel emitir as guias pelo aplicativo servi\u00e7os R\u00e1pidos, da Receita Estadual, dispon\u00edvel para iOS e Android.&nbsp;<\/p>\n\n\n\n<p>O pagamento em cota \u00fanica garante 6% de desconto sobre o valor total do imposto. Tamb\u00e9m \u00e9 poss\u00edvel parcelar o IPVA 2025 em cinco vezes sem juros diretamente pela plataforma.<\/p>\n\n\n\n<p><\/p>\n\n\n\n<figure class=\"wp-block-image size-large\"><img decoding=\"async\" src=\"https:\/\/radiostudiow.com.br\/site\/wp-content\/uploads\/2025\/01\/anigif_medio_ok-1024x213.gif\" alt=\"\" class=\"wp-image-32977\"\/><\/figure>\n\n\n\n<p><\/p>\n\n\n\n<p><strong>CUIDADO COM GOLPES<\/strong> \u2013 Al\u00e9m disso, a Receita Estadual refor\u00e7a mais uma vez os cuidados com golpes envolvendo o IPVA. O pedido \u00e9 para que os paranaenses redobrem os cuidados na hora de fazer o pagamento, j\u00e1 que a quantidade de p\u00e1ginas fraudulentas tamb\u00e9m aumenta nesta \u00e9poca do ano.<\/p>\n\n\n\n<p>A recomenda\u00e7\u00e3o \u00e9 que o contribuinte acesse diretamente os canais oficiais, evitando clicar em links enviados por e-mail ou mensagens. Tamb\u00e9m \u00e9 aconselhado evitar plataformas de buscas, j\u00e1 que muitos sites falsos se aproveitam de ferramentas de impulsionamento para aparecerem nos primeiros resultados. Ao acessar uma p\u00e1gina, o ideal \u00e9 sempre garantir que ele termine com a extens\u00e3o \u201c.pr.gov.br\u201d.<\/p>\n\n\n\n<p>Outra dica importante \u00e9 sempre conferir o destinat\u00e1rio do pagamento, seja pela guia quanto no pagamento via pix. No caso, a informa\u00e7\u00e3o que deve constar \u00e9 sempre \u201cGoverno do Paran\u00e1 Secretaria de Estado da Fazenda\u201d.<\/p>\n\n\n\n<p><strong>IPVA 2025<\/strong> \u2013\u00a0 IPVA \u00e9 a segunda maior fonte de arrecada\u00e7\u00e3o do Estado, atr\u00e1s apenas do Imposto sobre Circula\u00e7\u00e3o de Mercadorias e Servi\u00e7os (ICMS). No Paran\u00e1, a al\u00edquota \u00e9 de 3,5% sobre o valor venal de carros e motos em geral, e de 1% para \u00f4nibus, caminh\u00f5es, ve\u00edculos de aluguel, utilit\u00e1rios de carga ou movidos a g\u00e1s natural veicular (GNV).<\/p>\n\n\n\n<p>Para 2025, a Receita Estadual lan\u00e7ou um total de R$ 6,78 bilh\u00f5es sobre uma frota tribut\u00e1vel de mais de 4 milh\u00f5es de ve\u00edculos. Pela legisla\u00e7\u00e3o, metade do valor arrecadado com o imposto \u00e9 repassado aos munic\u00edpios de emplacamento e o restante \u00e9 usado pelo Estado para o financiamento de obras e custeio de atividades das \u00e1reas de sa\u00fade, educa\u00e7\u00e3o e seguran\u00e7a p\u00fablica.<\/p>\n\n\n\n<p>A inadimpl\u00eancia com o tributo impede a emiss\u00e3o do Certificado e Licenciamento do Registro do Ve\u00edculo (CRLV), documento de uso obrigat\u00f3rio para circula\u00e7\u00e3o. Trafegar sem ele implica em multa pelas autoridades de tr\u00e2nsito e na reten\u00e7\u00e3o do ve\u00edculo at\u00e9 a regulariza\u00e7\u00e3o da pend\u00eancia.<\/p>\n\n\n\n<p>O n\u00e3o pagamento do IPVA tamb\u00e9m impossibilita a transfer\u00eancia de propriedade do ve\u00edculo, al\u00e9m de restringir a obten\u00e7\u00e3o de Certid\u00e3o Negativa de Tributos junto \u00e0 Receita Estadual.<\/p>\n\n\n\n<p><\/p>\n\n\n\n<p>Fonte: Ag\u00eancia Estadual de Not\u00edcias<\/p>\n\n\n\n<p><\/p>\n\n\n\n<figure class=\"wp-block-image size-full\"><img decoding=\"async\" src=\"https:\/\/radiostudiow.com.br\/site\/wp-content\/uploads\/2024\/01\/SITE-GRANDE.png\" alt=\"\" class=\"wp-image-18949\"\/><\/figure>\n","protected":false},"excerpt":{"rendered":"<p>Come\u00e7a nesta sexta-feira (24) o calend\u00e1rio de pagamento do Imposto sobre a Propriedade de Ve\u00edculos Automotores (IPVA) de 2025 para ve\u00edculos com final de placa 1 e 2. Este \u00e9 o prazo m\u00e1ximo tanto para efetuar o pagamento em parcela \u00fanica com desconto de 6%, quanto para optar pelo parcelamento em cinco vezes sem juros. [&hellip;]<\/p>\n","protected":false},"author":2,"featured_media":33209,"comment_status":"open","ping_status":"open","sticky":false,"template":"","format":"standard","meta":{"footnotes":""},"categories":[7],"tags":[172],"class_list":["post-33278","post","type-post","status-publish","format-standard","has-post-thumbnail","hentry","category-geral","tag-featured"],"amp_enabled":true,"_links":{"self":[{"href":"https:\/\/radiostudiow.com.br\/site\/wp-json\/wp\/v2\/posts\/33278","targetHints":{"allow":["GET"]}}],"collection":[{"href":"https:\/\/radiostudiow.com.br\/site\/wp-json\/wp\/v2\/posts"}],"about":[{"href":"https:\/\/radiostudiow.com.br\/site\/wp-json\/wp\/v2\/types\/post"}],"author":[{"embeddable":true,"href":"https:\/\/radiostudiow.com.br\/site\/wp-json\/wp\/v2\/users\/2"}],"replies":[{"embeddable":true,"href":"https:\/\/radiostudiow.com.br\/site\/wp-json\/wp\/v2\/comments?post=33278"}],"version-history":[{"count":1,"href":"https:\/\/radiostudiow.com.br\/site\/wp-json\/wp\/v2\/posts\/33278\/revisions"}],"predecessor-version":[{"id":33279,"href":"https:\/\/radiostudiow.com.br\/site\/wp-json\/wp\/v2\/posts\/33278\/revisions\/33279"}],"wp:featuredmedia":[{"embeddable":true,"href":"https:\/\/radiostudiow.com.br\/site\/wp-json\/wp\/v2\/media\/33209"}],"wp:attachment":[{"href":"https:\/\/radiostudiow.com.br\/site\/wp-json\/wp\/v2\/media?parent=33278"}],"wp:term":[{"taxonomy":"category","embeddable":true,"href":"https:\/\/radiostudiow.com.br\/site\/wp-json\/wp\/v2\/categories?post=33278"},{"taxonomy":"post_tag","embeddable":true,"href":"https:\/\/radiostudiow.com.br\/site\/wp-json\/wp\/v2\/tags?post=33278"}],"curies":[{"name":"wp","href":"https:\/\/api.w.org\/{rel}","templated":true}]}}