{"id":33280,"date":"2025-01-24T13:48:01","date_gmt":"2025-01-24T16:48:01","guid":{"rendered":"https:\/\/radiostudiow.com.br\/site\/?p=33280"},"modified":"2025-01-24T15:28:43","modified_gmt":"2025-01-24T18:28:43","slug":"academicas-da-unicentro-de-mallet-e-irati-se-destacam-na-operacao-verao-maior-parana-2025","status":"publish","type":"post","link":"https:\/\/radiostudiow.com.br\/site\/2025\/01\/24\/academicas-da-unicentro-de-mallet-e-irati-se-destacam-na-operacao-verao-maior-parana-2025\/","title":{"rendered":"Acad\u00eamicas da Unicentro de Mallet e Irati se destacam na Opera\u00e7\u00e3o Ver\u00e3o Maior Paran\u00e1 2025"},"content":{"rendered":"\n<p><\/p>\n\n\n\n<figure class=\"wp-block-image size-full\"><img loading=\"lazy\" decoding=\"async\" width=\"897\" height=\"204\" src=\"https:\/\/radiostudiow.com.br\/site\/wp-content\/uploads\/2024\/01\/SITE-GRANDE3.png\" alt=\"zaions\" class=\"wp-image-18936\" srcset=\"https:\/\/radiostudiow.com.br\/site\/wp-content\/uploads\/2024\/01\/SITE-GRANDE3.png 897w, https:\/\/radiostudiow.com.br\/site\/wp-content\/uploads\/2024\/01\/SITE-GRANDE3-300x68.png 300w, https:\/\/radiostudiow.com.br\/site\/wp-content\/uploads\/2024\/01\/SITE-GRANDE3-768x175.png 768w\" sizes=\"auto, (max-width: 897px) 100vw, 897px\" \/><\/figure>\n\n\n\n<p><\/p>\n\n\n\n<p style=\"font-size:21px\">As acad\u00eamicas Bianca Natacha Sobieski, residente em Mallet, e Ana Maria Ferreira, de Irati, alunas do curso de Turismo da Universidade Estadual do Centro-Oeste (Unicentro) &#8211; Campus Irati, est\u00e3o contribuindo significativamente para o sucesso da &#8220;Opera\u00e7\u00e3o Ver\u00e3o Maior Paran\u00e1 2025&#8221;, realizada em Porto Rico, no noroeste do estado.<\/p>\n\n\n\n<p style=\"font-size:21px\">Com entusiasmo e compromisso, as estudantes participam de uma s\u00e9rie de atividades voltadas \u00e0 promo\u00e7\u00e3o da seguran\u00e7a, sa\u00fade e conscientiza\u00e7\u00e3o ambiental entre turistas e moradores.<\/p>\n\n\n\n<p style=\"font-size:21px\">Entre as iniciativas desenvolvidas, destacam-se:<\/p>\n\n\n\n<ul class=\"wp-block-list\">\n<li style=\"font-size:18px\"><em><strong>A\u00e7\u00f5es educativas realizadas na orla e em espa\u00e7os p\u00fablicos;<\/strong><\/em><\/li>\n\n\n\n<li style=\"font-size:18px\"><strong><em>Parcerias estrat\u00e9gicas com bombeiros e equipes de sa\u00fade;<\/em><\/strong><\/li>\n\n\n\n<li style=\"font-size:18px\"><em><strong>Distribui\u00e7\u00e3o de materiais informativos para conscientiza\u00e7\u00e3o e preven\u00e7\u00e3o.<\/strong><\/em><\/li>\n<\/ul>\n\n\n\n<p style=\"font-size:21px\">Essas atividades n\u00e3o apenas proporcionam aprendizado pr\u00e1tico \u00e0s acad\u00eamicas, mas tamb\u00e9m impactam positivamente a comunidade local, contribuindo para um ver\u00e3o mais seguro e sustent\u00e1vel.<\/p>\n\n\n\n<p style=\"font-size:21px\">Em entrevista \u00e0 reportagem da Studio W, a acad\u00eamica Ana Maria Ferreira destacou a import\u00e2ncia dessa experi\u00eancia:<br><em>\u201cEstamos vivendo uma experi\u00eancia incr\u00edvel, colocando em pr\u00e1tica o que aprendemos e contribuindo para o fortalecimento do turismo e a recep\u00e7\u00e3o de visitantes nesta temporada. Nosso papel aqui vai al\u00e9m de orientar: estamos ajudando a valorizar o potencial tur\u00edstico da regi\u00e3o e promovendo um ver\u00e3o seguro e acolhedor para todos\u201d<\/em>, afirmou.<\/p>\n\n\n\n<p><\/p>\n\n\n\n<p><\/p>\n\n\n\n<figure class=\"wp-block-gallery has-nested-images columns-default is-cropped wp-block-gallery-1 is-layout-flex wp-block-gallery-is-layout-flex\">\n<figure class=\"wp-block-image size-large\"><img loading=\"lazy\" decoding=\"async\" width=\"300\" height=\"180\" data-id=\"32894\" src=\"https:\/\/radiostudiow.com.br\/site\/wp-content\/uploads\/2025\/01\/SITE-PEQUENO2.png\" alt=\"\" class=\"wp-image-32894\"\/><\/figure>\n\n\n\n<figure class=\"wp-block-image size-large\"><img loading=\"lazy\" decoding=\"async\" width=\"300\" height=\"180\" data-id=\"32851\" src=\"https:\/\/radiostudiow.com.br\/site\/wp-content\/uploads\/2025\/01\/SITE-PEQUENO3.png\" alt=\"\" class=\"wp-image-32851\"\/><\/figure>\n\n\n\n<figure class=\"wp-block-image size-large\"><img loading=\"lazy\" decoding=\"async\" width=\"300\" height=\"180\" data-id=\"32833\" src=\"https:\/\/radiostudiow.com.br\/site\/wp-content\/uploads\/2025\/01\/SITE-PEQUENO.png\" alt=\"\" class=\"wp-image-32833\"\/><\/figure>\n<\/figure>\n\n\n\n<p><\/p>\n\n\n\n<p style=\"font-size:21px\">A acad\u00eamica Bianca Natacha Sobieski tamb\u00e9m compartilhou sua vis\u00e3o sobre o projeto, ressaltando que a viv\u00eancia proporciona n\u00e3o apenas o aperfei\u00e7oamento das habilidades profissionais, mas tamb\u00e9m uma conex\u00e3o mais pr\u00f3xima com a realidade do mercado de trabalho:<br>\u201c<em>\u00c9 gratificante perceber o impacto das nossas a\u00e7\u00f5es no cotidiano das pessoas e saber que estamos contribuindo para uma temporada de ver\u00e3o mais organizada, segura e consciente\u201d<\/em>, comentou. Para as acad\u00eamicas, representar a Unicentro no projeto \u00e9 uma oportunidade \u00fanica de aprendizado e crescimento profissional, al\u00e9m de uma chance de evidenciar a relev\u00e2ncia do turismo para o desenvolvimento local.<br><em>\u201c\u00c9 uma honra mostrar a import\u00e2ncia do nosso trabalho e fazer a diferen\u00e7a na vida das pessoas\u201d<\/em>, complementaram as estudantes.<\/p>\n\n\n\n<figure class=\"wp-block-gallery has-nested-images columns-1 wp-block-gallery-2 is-layout-flex wp-block-gallery-is-layout-flex\">\n<figure class=\"wp-block-image size-full\"><img loading=\"lazy\" decoding=\"async\" width=\"3024\" height=\"4032\" data-id=\"33282\" src=\"https:\/\/radiostudiow.com.br\/site\/wp-content\/uploads\/2025\/01\/image-117.png\" alt=\"\" class=\"wp-image-33282\" srcset=\"https:\/\/radiostudiow.com.br\/site\/wp-content\/uploads\/2025\/01\/image-117.png 3024w, https:\/\/radiostudiow.com.br\/site\/wp-content\/uploads\/2025\/01\/image-117-225x300.png 225w, https:\/\/radiostudiow.com.br\/site\/wp-content\/uploads\/2025\/01\/image-117-768x1024.png 768w, https:\/\/radiostudiow.com.br\/site\/wp-content\/uploads\/2025\/01\/image-117-1152x1536.png 1152w, https:\/\/radiostudiow.com.br\/site\/wp-content\/uploads\/2025\/01\/image-117-1536x2048.png 1536w\" sizes=\"auto, (max-width: 3024px) 100vw, 3024px\" \/><\/figure>\n\n\n\n<figure class=\"wp-block-image size-full\"><img loading=\"lazy\" decoding=\"async\" width=\"960\" height=\"1280\" data-id=\"33284\" src=\"https:\/\/radiostudiow.com.br\/site\/wp-content\/uploads\/2025\/01\/ebb3ceb7-7c5e-41a6-b380-2b85c3ad7c02.jpg\" alt=\"\" class=\"wp-image-33284\" srcset=\"https:\/\/radiostudiow.com.br\/site\/wp-content\/uploads\/2025\/01\/ebb3ceb7-7c5e-41a6-b380-2b85c3ad7c02.jpg 960w, https:\/\/radiostudiow.com.br\/site\/wp-content\/uploads\/2025\/01\/ebb3ceb7-7c5e-41a6-b380-2b85c3ad7c02-225x300.jpg 225w, https:\/\/radiostudiow.com.br\/site\/wp-content\/uploads\/2025\/01\/ebb3ceb7-7c5e-41a6-b380-2b85c3ad7c02-768x1024.jpg 768w\" sizes=\"auto, (max-width: 960px) 100vw, 960px\" \/><\/figure>\n\n\n\n<figure class=\"wp-block-image size-full\"><img loading=\"lazy\" decoding=\"async\" width=\"1920\" height=\"2560\" data-id=\"33285\" src=\"https:\/\/radiostudiow.com.br\/site\/wp-content\/uploads\/2025\/01\/IMG_0903-copy-scaled.jpg\" alt=\"\" class=\"wp-image-33285\" srcset=\"https:\/\/radiostudiow.com.br\/site\/wp-content\/uploads\/2025\/01\/IMG_0903-copy-scaled.jpg 1920w, https:\/\/radiostudiow.com.br\/site\/wp-content\/uploads\/2025\/01\/IMG_0903-copy-225x300.jpg 225w, https:\/\/radiostudiow.com.br\/site\/wp-content\/uploads\/2025\/01\/IMG_0903-copy-768x1024.jpg 768w, https:\/\/radiostudiow.com.br\/site\/wp-content\/uploads\/2025\/01\/IMG_0903-copy-1152x1536.jpg 1152w, https:\/\/radiostudiow.com.br\/site\/wp-content\/uploads\/2025\/01\/IMG_0903-copy-1536x2048.jpg 1536w\" sizes=\"auto, (max-width: 1920px) 100vw, 1920px\" \/><\/figure>\n\n\n\n<figure class=\"wp-block-image size-full\"><img loading=\"lazy\" decoding=\"async\" width=\"1920\" height=\"2560\" data-id=\"33286\" src=\"https:\/\/radiostudiow.com.br\/site\/wp-content\/uploads\/2025\/01\/Chefe-Regional-e-da-Casa-Civil-copy-scaled.jpg\" alt=\"\" class=\"wp-image-33286\" srcset=\"https:\/\/radiostudiow.com.br\/site\/wp-content\/uploads\/2025\/01\/Chefe-Regional-e-da-Casa-Civil-copy-scaled.jpg 1920w, https:\/\/radiostudiow.com.br\/site\/wp-content\/uploads\/2025\/01\/Chefe-Regional-e-da-Casa-Civil-copy-225x300.jpg 225w, https:\/\/radiostudiow.com.br\/site\/wp-content\/uploads\/2025\/01\/Chefe-Regional-e-da-Casa-Civil-copy-768x1024.jpg 768w, https:\/\/radiostudiow.com.br\/site\/wp-content\/uploads\/2025\/01\/Chefe-Regional-e-da-Casa-Civil-copy-1152x1536.jpg 1152w, https:\/\/radiostudiow.com.br\/site\/wp-content\/uploads\/2025\/01\/Chefe-Regional-e-da-Casa-Civil-copy-1536x2048.jpg 1536w\" sizes=\"auto, (max-width: 1920px) 100vw, 1920px\" \/><\/figure>\n<\/figure>\n\n\n\n<p class=\"has-text-align-center\" style=\"font-size:15px\"><strong><em>Arno Ravache Neto, Chefe do N\u00facleo Regional de Turismo e<strong><em> Eduardo Casagrande<\/em><\/strong>, Acessor Regional da Casa Civil<\/em><\/strong><\/p>\n\n\n\n<p><\/p>\n\n\n\n<figure class=\"wp-block-image size-full\"><img loading=\"lazy\" decoding=\"async\" width=\"900\" height=\"408\" src=\"https:\/\/radiostudiow.com.br\/site\/wp-content\/uploads\/2025\/01\/SITE-E-TV.png\" alt=\"\" class=\"wp-image-33052\" srcset=\"https:\/\/radiostudiow.com.br\/site\/wp-content\/uploads\/2025\/01\/SITE-E-TV.png 900w, https:\/\/radiostudiow.com.br\/site\/wp-content\/uploads\/2025\/01\/SITE-E-TV-300x136.png 300w, https:\/\/radiostudiow.com.br\/site\/wp-content\/uploads\/2025\/01\/SITE-E-TV-768x348.png 768w\" sizes=\"auto, (max-width: 900px) 100vw, 900px\" \/><\/figure>\n","protected":false},"excerpt":{"rendered":"<p>As acad\u00eamicas Bianca Natacha Sobieski, residente em Mallet, e Ana Maria Ferreira, de Irati, alunas do curso de Turismo da Universidade Estadual do Centro-Oeste (Unicentro) &#8211; Campus Irati, est\u00e3o contribuindo significativamente para o sucesso da &#8220;Opera\u00e7\u00e3o Ver\u00e3o Maior Paran\u00e1 2025&#8221;, realizada em Porto Rico, no noroeste do estado. Com entusiasmo e compromisso, as estudantes participam [&hellip;]<\/p>\n","protected":false},"author":2,"featured_media":33289,"comment_status":"open","ping_status":"open","sticky":false,"template":"","format":"standard","meta":{"footnotes":""},"categories":[7],"tags":[172],"class_list":["post-33280","post","type-post","status-publish","format-standard","has-post-thumbnail","hentry","category-geral","tag-featured"],"amp_enabled":true,"_links":{"self":[{"href":"https:\/\/radiostudiow.com.br\/site\/wp-json\/wp\/v2\/posts\/33280","targetHints":{"allow":["GET"]}}],"collection":[{"href":"https:\/\/radiostudiow.com.br\/site\/wp-json\/wp\/v2\/posts"}],"about":[{"href":"https:\/\/radiostudiow.com.br\/site\/wp-json\/wp\/v2\/types\/post"}],"author":[{"embeddable":true,"href":"https:\/\/radiostudiow.com.br\/site\/wp-json\/wp\/v2\/users\/2"}],"replies":[{"embeddable":true,"href":"https:\/\/radiostudiow.com.br\/site\/wp-json\/wp\/v2\/comments?post=33280"}],"version-history":[{"count":5,"href":"https:\/\/radiostudiow.com.br\/site\/wp-json\/wp\/v2\/posts\/33280\/revisions"}],"predecessor-version":[{"id":33294,"href":"https:\/\/radiostudiow.com.br\/site\/wp-json\/wp\/v2\/posts\/33280\/revisions\/33294"}],"wp:featuredmedia":[{"embeddable":true,"href":"https:\/\/radiostudiow.com.br\/site\/wp-json\/wp\/v2\/media\/33289"}],"wp:attachment":[{"href":"https:\/\/radiostudiow.com.br\/site\/wp-json\/wp\/v2\/media?parent=33280"}],"wp:term":[{"taxonomy":"category","embeddable":true,"href":"https:\/\/radiostudiow.com.br\/site\/wp-json\/wp\/v2\/categories?post=33280"},{"taxonomy":"post_tag","embeddable":true,"href":"https:\/\/radiostudiow.com.br\/site\/wp-json\/wp\/v2\/tags?post=33280"}],"curies":[{"name":"wp","href":"https:\/\/api.w.org\/{rel}","templated":true}]}}