{"id":33295,"date":"2025-01-24T16:13:49","date_gmt":"2025-01-24T19:13:49","guid":{"rendered":"https:\/\/radiostudiow.com.br\/site\/?p=33295"},"modified":"2025-01-24T16:13:49","modified_gmt":"2025-01-24T19:13:49","slug":"acidente-entre-caminhoes-na-br-476-em-sao-mateus-do-sul","status":"publish","type":"post","link":"https:\/\/radiostudiow.com.br\/site\/2025\/01\/24\/acidente-entre-caminhoes-na-br-476-em-sao-mateus-do-sul\/","title":{"rendered":"ACIDENTE ENTRE CAMINH\u00d5ES NA BR 476 EM S\u00c3O MATEUS DO SUL"},"content":{"rendered":"\n<p><\/p>\n\n\n\n<figure class=\"wp-block-image size-full\"><img decoding=\"async\" src=\"https:\/\/radiostudiow.com.br\/site\/wp-content\/uploads\/2024\/01\/SITE-GRANDE.png\" alt=\"\" class=\"wp-image-18949\"\/><\/figure>\n\n\n\n<p><\/p>\n\n\n\n<p style=\"font-size:21px\">Na tarde desta sexta-feira, um acidente envolvendo dois caminh\u00f5es ocorreu na rodovia do Xisto (BR-476), no km 281, no trecho entre S\u00e3o Mateus do Sul e Uni\u00e3o da Vit\u00f3ria.<\/p>\n\n\n\n<p style=\"font-size:21px\">Informa\u00e7\u00f5es preliminares indicam que um dos ve\u00edculos, carregado com ferragens, seguia em dire\u00e7\u00e3o a Uni\u00e3o da Vit\u00f3ria quando, possivelmente, invadiu a pista contr\u00e1ria e colidiu lateralmente com outro caminh\u00e3o, que transportava batatas e se deslocava no sentido S\u00e3o Mateus do Sul.<\/p>\n\n\n\n<p style=\"font-size:21px\">Uma equipe do SAMU de S\u00e3o Mateus do Sul, que passava pelo local no momento do acidente, rapidamente acionou outra ambul\u00e2ncia e o Corpo de Bombeiros para prestar suporte.<\/p>\n\n\n\n<p style=\"font-size:21px\">Os motoristas dos dois caminh\u00f5es sofreram apenas escoria\u00e7\u00f5es leves e receberam atendimento no local. Ambos recusaram o encaminhamento ao pronto-socorro e foram liberados logo em seguida.<\/p>\n\n\n\n<p style=\"font-size:21px\">Segundo testemunhas, a causa do acidente pode estar relacionada \u00e0 quebra da barra de dire\u00e7\u00e3o do caminh\u00e3o carregado com ferragens, possivelmente ocasionada por um solavanco na pista, o que teria levado o ve\u00edculo a invadir a faixa oposta.<\/p>\n\n\n\n<p style=\"font-size:21px\">A Pol\u00edcia Rodovi\u00e1ria Federal (PRF) foi chamada para atender a ocorr\u00eancia e conduzir uma investiga\u00e7\u00e3o detalhada sobre as causas do acidente. Felizmente, n\u00e3o houve v\u00edtimas graves.<\/p>\n\n\n\n<p style=\"font-size:21px\">Fonte: Portal Clic Sul News<\/p>\n\n\n\n<p><\/p>\n\n\n\n<figure class=\"wp-block-image size-large\"><img decoding=\"async\" src=\"https:\/\/radiostudiow.com.br\/site\/wp-content\/uploads\/2025\/01\/anigif_medio_ok-1024x213.gif\" alt=\"\" class=\"wp-image-32977\"\/><\/figure>\n\n\n\n<p><\/p>\n\n\n\n<figure class=\"wp-block-image size-full\"><img loading=\"lazy\" decoding=\"async\" width=\"942\" height=\"695\" src=\"https:\/\/radiostudiow.com.br\/site\/wp-content\/uploads\/2025\/01\/Imagem-do-WhatsApp-de-2025-01-24-as-15.53.14_fc079e58.jpg\" alt=\"\" class=\"wp-image-33296\" srcset=\"https:\/\/radiostudiow.com.br\/site\/wp-content\/uploads\/2025\/01\/Imagem-do-WhatsApp-de-2025-01-24-as-15.53.14_fc079e58.jpg 942w, https:\/\/radiostudiow.com.br\/site\/wp-content\/uploads\/2025\/01\/Imagem-do-WhatsApp-de-2025-01-24-as-15.53.14_fc079e58-300x221.jpg 300w, https:\/\/radiostudiow.com.br\/site\/wp-content\/uploads\/2025\/01\/Imagem-do-WhatsApp-de-2025-01-24-as-15.53.14_fc079e58-768x567.jpg 768w\" sizes=\"auto, (max-width: 942px) 100vw, 942px\" \/><\/figure>\n\n\n\n<figure class=\"wp-block-image size-full\"><img loading=\"lazy\" decoding=\"async\" width=\"946\" height=\"616\" src=\"https:\/\/radiostudiow.com.br\/site\/wp-content\/uploads\/2025\/01\/Imagem-do-WhatsApp-de-2025-01-24-as-15.53.46_4100dda5.jpg\" alt=\"\" class=\"wp-image-33297\" srcset=\"https:\/\/radiostudiow.com.br\/site\/wp-content\/uploads\/2025\/01\/Imagem-do-WhatsApp-de-2025-01-24-as-15.53.46_4100dda5.jpg 946w, https:\/\/radiostudiow.com.br\/site\/wp-content\/uploads\/2025\/01\/Imagem-do-WhatsApp-de-2025-01-24-as-15.53.46_4100dda5-300x195.jpg 300w, https:\/\/radiostudiow.com.br\/site\/wp-content\/uploads\/2025\/01\/Imagem-do-WhatsApp-de-2025-01-24-as-15.53.46_4100dda5-768x500.jpg 768w\" sizes=\"auto, (max-width: 946px) 100vw, 946px\" \/><\/figure>\n\n\n\n<figure class=\"wp-block-image size-full\"><img loading=\"lazy\" decoding=\"async\" width=\"934\" height=\"493\" src=\"https:\/\/radiostudiow.com.br\/site\/wp-content\/uploads\/2025\/01\/Imagem-do-WhatsApp-de-2025-01-24-as-15.55.40_937aec04.jpg\" alt=\"\" class=\"wp-image-33298\" srcset=\"https:\/\/radiostudiow.com.br\/site\/wp-content\/uploads\/2025\/01\/Imagem-do-WhatsApp-de-2025-01-24-as-15.55.40_937aec04.jpg 934w, https:\/\/radiostudiow.com.br\/site\/wp-content\/uploads\/2025\/01\/Imagem-do-WhatsApp-de-2025-01-24-as-15.55.40_937aec04-300x158.jpg 300w, https:\/\/radiostudiow.com.br\/site\/wp-content\/uploads\/2025\/01\/Imagem-do-WhatsApp-de-2025-01-24-as-15.55.40_937aec04-768x405.jpg 768w\" sizes=\"auto, (max-width: 934px) 100vw, 934px\" \/><\/figure>\n\n\n\n<p><\/p>\n\n\n\n<figure class=\"wp-block-image size-full\"><img loading=\"lazy\" decoding=\"async\" width=\"598\" height=\"204\" src=\"https:\/\/radiostudiow.com.br\/site\/wp-content\/uploads\/2023\/12\/SITE-MEDIO4.png\" alt=\"\" class=\"wp-image-17598\" srcset=\"https:\/\/radiostudiow.com.br\/site\/wp-content\/uploads\/2023\/12\/SITE-MEDIO4.png 598w, https:\/\/radiostudiow.com.br\/site\/wp-content\/uploads\/2023\/12\/SITE-MEDIO4-300x102.png 300w\" sizes=\"auto, (max-width: 598px) 100vw, 598px\" \/><\/figure>\n","protected":false},"excerpt":{"rendered":"<p>Na tarde desta sexta-feira, um acidente envolvendo dois caminh\u00f5es ocorreu na rodovia do Xisto (BR-476), no km 281, no trecho entre S\u00e3o Mateus do Sul e Uni\u00e3o da Vit\u00f3ria. Informa\u00e7\u00f5es preliminares indicam que um dos ve\u00edculos, carregado com ferragens, seguia em dire\u00e7\u00e3o a Uni\u00e3o da Vit\u00f3ria quando, possivelmente, invadiu a pista contr\u00e1ria e colidiu lateralmente [&hellip;]<\/p>\n","protected":false},"author":2,"featured_media":33297,"comment_status":"open","ping_status":"open","sticky":false,"template":"","format":"standard","meta":{"footnotes":""},"categories":[185],"tags":[172],"class_list":["post-33295","post","type-post","status-publish","format-standard","has-post-thumbnail","hentry","category-regional","tag-featured"],"amp_enabled":true,"_links":{"self":[{"href":"https:\/\/radiostudiow.com.br\/site\/wp-json\/wp\/v2\/posts\/33295","targetHints":{"allow":["GET"]}}],"collection":[{"href":"https:\/\/radiostudiow.com.br\/site\/wp-json\/wp\/v2\/posts"}],"about":[{"href":"https:\/\/radiostudiow.com.br\/site\/wp-json\/wp\/v2\/types\/post"}],"author":[{"embeddable":true,"href":"https:\/\/radiostudiow.com.br\/site\/wp-json\/wp\/v2\/users\/2"}],"replies":[{"embeddable":true,"href":"https:\/\/radiostudiow.com.br\/site\/wp-json\/wp\/v2\/comments?post=33295"}],"version-history":[{"count":1,"href":"https:\/\/radiostudiow.com.br\/site\/wp-json\/wp\/v2\/posts\/33295\/revisions"}],"predecessor-version":[{"id":33299,"href":"https:\/\/radiostudiow.com.br\/site\/wp-json\/wp\/v2\/posts\/33295\/revisions\/33299"}],"wp:featuredmedia":[{"embeddable":true,"href":"https:\/\/radiostudiow.com.br\/site\/wp-json\/wp\/v2\/media\/33297"}],"wp:attachment":[{"href":"https:\/\/radiostudiow.com.br\/site\/wp-json\/wp\/v2\/media?parent=33295"}],"wp:term":[{"taxonomy":"category","embeddable":true,"href":"https:\/\/radiostudiow.com.br\/site\/wp-json\/wp\/v2\/categories?post=33295"},{"taxonomy":"post_tag","embeddable":true,"href":"https:\/\/radiostudiow.com.br\/site\/wp-json\/wp\/v2\/tags?post=33295"}],"curies":[{"name":"wp","href":"https:\/\/api.w.org\/{rel}","templated":true}]}}