{"id":33306,"date":"2025-01-25T10:59:21","date_gmt":"2025-01-25T13:59:21","guid":{"rendered":"https:\/\/radiostudiow.com.br\/site\/?p=33306"},"modified":"2025-01-25T10:59:22","modified_gmt":"2025-01-25T13:59:22","slug":"fuga-de-abordagem-policial-resulta-em-acidente-fatal-em-imbituva","status":"publish","type":"post","link":"https:\/\/radiostudiow.com.br\/site\/2025\/01\/25\/fuga-de-abordagem-policial-resulta-em-acidente-fatal-em-imbituva\/","title":{"rendered":"Fuga de abordagem policial resulta em acidente fatal em Imbituva"},"content":{"rendered":"\n<p><\/p>\n\n\n\n<figure class=\"wp-block-image size-full\"><img loading=\"lazy\" decoding=\"async\" width=\"900\" height=\"205\" src=\"https:\/\/radiostudiow.com.br\/site\/wp-content\/uploads\/2024\/03\/bannertijolao-e1733625657395.jpg\" alt=\"\" class=\"wp-image-20494\" srcset=\"https:\/\/radiostudiow.com.br\/site\/wp-content\/uploads\/2024\/03\/bannertijolao-e1733625657395.jpg 900w, https:\/\/radiostudiow.com.br\/site\/wp-content\/uploads\/2024\/03\/bannertijolao-e1733625657395-300x68.jpg 300w, https:\/\/radiostudiow.com.br\/site\/wp-content\/uploads\/2024\/03\/bannertijolao-e1733625657395-768x175.jpg 768w\" sizes=\"auto, (max-width: 900px) 100vw, 900px\" \/><\/figure>\n\n\n\n<figure class=\"wp-block-image size-full\"><img loading=\"lazy\" decoding=\"async\" width=\"897\" height=\"204\" src=\"https:\/\/radiostudiow.com.br\/site\/wp-content\/uploads\/2024\/08\/TIJOLAO.png\" alt=\"\" class=\"wp-image-25951\" srcset=\"https:\/\/radiostudiow.com.br\/site\/wp-content\/uploads\/2024\/08\/TIJOLAO.png 897w, https:\/\/radiostudiow.com.br\/site\/wp-content\/uploads\/2024\/08\/TIJOLAO-300x68.png 300w, https:\/\/radiostudiow.com.br\/site\/wp-content\/uploads\/2024\/08\/TIJOLAO-768x175.png 768w\" sizes=\"auto, (max-width: 897px) 100vw, 897px\" \/><\/figure>\n\n\n\n<p><\/p>\n\n\n\n<p>Na noite de sexta-feira, 24 de janeiro, por volta das 21h30, uma tentativa de abordagem policial terminou em trag\u00e9dia na cidade de Imbituva, regi\u00e3o central do Paran\u00e1. Policiais Militares, posicionados em frente ao Pavilh\u00e3o de Malhas, observaram um ve\u00edculo VW\/Gol prata transitando em alta velocidade, com os pneus derrapando, em dire\u00e7\u00e3o ao centro da cidade. Diante do comportamento suspeito, iniciaram um acompanhamento t\u00e1tico.<\/p>\n\n\n\n<p>Ao perceber a aproxima\u00e7\u00e3o da viatura com giroflex e sirene acionados, o motorista empreendeu fuga, seguindo pelas ruas Joana Stadler e Joaquim Marcondes Pupo. Durante a persegui\u00e7\u00e3o, o ve\u00edculo conseguiu momentaneamente escapar do campo de vis\u00e3o da viatura. Minutos depois, populares informaram que o carro havia sa\u00eddo da pista e ca\u00eddo em um barranco ap\u00f3s cruzar a rodovia.<\/p>\n\n\n\n<p>No local do acidente, os policiais encontraram o motorista ferido e constataram que o passageiro, um homem de 56 anos, n\u00e3o resistiu aos ferimentos e faleceu. O Servi\u00e7o de Atendimento M\u00f3vel de Urg\u00eancia (SAMU) foi acionado, e a Pol\u00edcia Rodovi\u00e1ria Federal (PRF) registrou a ocorr\u00eancia no km 4,2 da BR-153, no acesso Norte de Imbituva.<\/p>\n\n\n\n<p>De acordo com a PRF, o ve\u00edculo, que vinha de Ipiranga-PR, perdeu o controle ao tentar acessar a rodovia, saindo do leito carro\u00e7\u00e1vel, descendo um barranco e colidindo contra o talude. O motorista foi encaminhado ao hospital de Imbituva com ferimentos graves e transferido posteriormente para a Santa Casa de Irati.<\/p>\n\n\n\n<p>O corpo da v\u00edtima fatal foi levado ao Instituto M\u00e9dico Legal (IML) de Ponta Grossa. As investiga\u00e7\u00f5es prosseguem para esclarecer as circunst\u00e2ncias da fuga e do acidente.<\/p>\n\n\n\n<p>Informa\u00e7\u00f5es: Pol\u00edcia Militar e PRF.<\/p>\n\n\n\n<p><\/p>\n\n\n\n<figure class=\"wp-block-image size-full\"><img loading=\"lazy\" decoding=\"async\" width=\"598\" height=\"204\" src=\"https:\/\/radiostudiow.com.br\/site\/wp-content\/uploads\/2025\/01\/SITE-MEDIO7.png\" alt=\"\" class=\"wp-image-32801\" srcset=\"https:\/\/radiostudiow.com.br\/site\/wp-content\/uploads\/2025\/01\/SITE-MEDIO7.png 598w, https:\/\/radiostudiow.com.br\/site\/wp-content\/uploads\/2025\/01\/SITE-MEDIO7-300x102.png 300w\" sizes=\"auto, (max-width: 598px) 100vw, 598px\" \/><\/figure>\n\n\n\n<p><\/p>\n\n\n\n<figure class=\"wp-block-image size-large\"><img loading=\"lazy\" decoding=\"async\" width=\"1024\" height=\"1024\" src=\"https:\/\/radiostudiow.com.br\/site\/wp-content\/uploads\/2025\/01\/image-119-1024x1024.png\" alt=\"\" class=\"wp-image-33309\" srcset=\"https:\/\/radiostudiow.com.br\/site\/wp-content\/uploads\/2025\/01\/image-119-1024x1024.png 1024w, https:\/\/radiostudiow.com.br\/site\/wp-content\/uploads\/2025\/01\/image-119-300x300.png 300w, https:\/\/radiostudiow.com.br\/site\/wp-content\/uploads\/2025\/01\/image-119-768x768.png 768w, https:\/\/radiostudiow.com.br\/site\/wp-content\/uploads\/2025\/01\/image-119-80x80.png 80w, https:\/\/radiostudiow.com.br\/site\/wp-content\/uploads\/2025\/01\/image-119.png 1080w\" sizes=\"auto, (max-width: 1024px) 100vw, 1024px\" \/><\/figure>\n\n\n\n<figure class=\"wp-block-image size-large\"><img loading=\"lazy\" decoding=\"async\" width=\"1024\" height=\"1024\" src=\"https:\/\/radiostudiow.com.br\/site\/wp-content\/uploads\/2025\/01\/image-118-1024x1024.png\" alt=\"\" class=\"wp-image-33308\" srcset=\"https:\/\/radiostudiow.com.br\/site\/wp-content\/uploads\/2025\/01\/image-118-1024x1024.png 1024w, https:\/\/radiostudiow.com.br\/site\/wp-content\/uploads\/2025\/01\/image-118-300x300.png 300w, https:\/\/radiostudiow.com.br\/site\/wp-content\/uploads\/2025\/01\/image-118-768x768.png 768w, https:\/\/radiostudiow.com.br\/site\/wp-content\/uploads\/2025\/01\/image-118-80x80.png 80w, https:\/\/radiostudiow.com.br\/site\/wp-content\/uploads\/2025\/01\/image-118.png 1080w\" sizes=\"auto, (max-width: 1024px) 100vw, 1024px\" \/><\/figure>\n\n\n\n<p><\/p>\n\n\n\n<p><\/p>\n\n\n\n<figure class=\"wp-block-image size-large\"><img decoding=\"async\" src=\"https:\/\/radiostudiow.com.br\/site\/wp-content\/uploads\/2025\/01\/anigif_medio_ok-1024x213.gif\" alt=\"\" class=\"wp-image-32977\"\/><\/figure>\n","protected":false},"excerpt":{"rendered":"<p>Na noite de sexta-feira, 24 de janeiro, por volta das 21h30, uma tentativa de abordagem policial terminou em trag\u00e9dia na cidade de Imbituva, regi\u00e3o central do Paran\u00e1. Policiais Militares, posicionados em frente ao Pavilh\u00e3o de Malhas, observaram um ve\u00edculo VW\/Gol prata transitando em alta velocidade, com os pneus derrapando, em dire\u00e7\u00e3o ao centro da cidade. [&hellip;]<\/p>\n","protected":false},"author":2,"featured_media":33309,"comment_status":"open","ping_status":"open","sticky":false,"template":"","format":"standard","meta":{"footnotes":""},"categories":[185],"tags":[172],"class_list":["post-33306","post","type-post","status-publish","format-standard","has-post-thumbnail","hentry","category-regional","tag-featured"],"amp_enabled":true,"_links":{"self":[{"href":"https:\/\/radiostudiow.com.br\/site\/wp-json\/wp\/v2\/posts\/33306","targetHints":{"allow":["GET"]}}],"collection":[{"href":"https:\/\/radiostudiow.com.br\/site\/wp-json\/wp\/v2\/posts"}],"about":[{"href":"https:\/\/radiostudiow.com.br\/site\/wp-json\/wp\/v2\/types\/post"}],"author":[{"embeddable":true,"href":"https:\/\/radiostudiow.com.br\/site\/wp-json\/wp\/v2\/users\/2"}],"replies":[{"embeddable":true,"href":"https:\/\/radiostudiow.com.br\/site\/wp-json\/wp\/v2\/comments?post=33306"}],"version-history":[{"count":1,"href":"https:\/\/radiostudiow.com.br\/site\/wp-json\/wp\/v2\/posts\/33306\/revisions"}],"predecessor-version":[{"id":33310,"href":"https:\/\/radiostudiow.com.br\/site\/wp-json\/wp\/v2\/posts\/33306\/revisions\/33310"}],"wp:featuredmedia":[{"embeddable":true,"href":"https:\/\/radiostudiow.com.br\/site\/wp-json\/wp\/v2\/media\/33309"}],"wp:attachment":[{"href":"https:\/\/radiostudiow.com.br\/site\/wp-json\/wp\/v2\/media?parent=33306"}],"wp:term":[{"taxonomy":"category","embeddable":true,"href":"https:\/\/radiostudiow.com.br\/site\/wp-json\/wp\/v2\/categories?post=33306"},{"taxonomy":"post_tag","embeddable":true,"href":"https:\/\/radiostudiow.com.br\/site\/wp-json\/wp\/v2\/tags?post=33306"}],"curies":[{"name":"wp","href":"https:\/\/api.w.org\/{rel}","templated":true}]}}