{"id":33307,"date":"2025-01-25T11:33:46","date_gmt":"2025-01-25T14:33:46","guid":{"rendered":"https:\/\/radiostudiow.com.br\/site\/?p=33307"},"modified":"2025-01-25T11:33:47","modified_gmt":"2025-01-25T14:33:47","slug":"tentativa-de-homicidio-mobiliza-a-policia-militar-em-porto-uniao","status":"publish","type":"post","link":"https:\/\/radiostudiow.com.br\/site\/2025\/01\/25\/tentativa-de-homicidio-mobiliza-a-policia-militar-em-porto-uniao\/","title":{"rendered":"Tentativa de homic\u00eddio mobiliza a Pol\u00edcia Militar em Porto Uni\u00e3o"},"content":{"rendered":"\n<figure class=\"wp-block-image size-full\"><img loading=\"lazy\" decoding=\"async\" width=\"897\" height=\"204\" src=\"https:\/\/radiostudiow.com.br\/site\/wp-content\/uploads\/2024\/01\/SITE-GRANDE3.png\" alt=\"zaions\" class=\"wp-image-18936\" srcset=\"https:\/\/radiostudiow.com.br\/site\/wp-content\/uploads\/2024\/01\/SITE-GRANDE3.png 897w, https:\/\/radiostudiow.com.br\/site\/wp-content\/uploads\/2024\/01\/SITE-GRANDE3-300x68.png 300w, https:\/\/radiostudiow.com.br\/site\/wp-content\/uploads\/2024\/01\/SITE-GRANDE3-768x175.png 768w\" sizes=\"auto, (max-width: 897px) 100vw, 897px\" \/><\/figure>\n\n\n\n<p><\/p>\n\n\n\n<p>A Pol\u00edcia Militar de Porto Uni\u00e3o foi acionada nesta sexta-feira, dia 24, para atender a uma ocorr\u00eancia de tentativa de homic\u00eddio. O chamado foi realizado pelo Hospital S\u00e3o Camilo\/S\u00e3o Braz, que notificou a entrada de um homem ferido por disparos de arma de fogo.<\/p>\n\n\n\n<p>Conforme as primeiras informa\u00e7\u00f5es, o crime aconteceu na localidade de Ca\u00e7adorzinho, em Santa Cruz do Timb\u00f3.<\/p>\n\n\n\n<p>Testemunhas relataram que alguns indiv\u00edduos foram at\u00e9 a resid\u00eancia da v\u00edtima e realizaram os disparos.<\/p>\n\n\n\n<p>A Pol\u00edcia continua investigando o caso para esclarecer as circunst\u00e2ncias do crime e identificar os envolvidos.<\/p>\n\n\n\n<p>Fonte: VVale<\/p>\n\n\n\n<p><\/p>\n\n\n\n<figure class=\"wp-block-gallery has-nested-images columns-default is-cropped wp-block-gallery-1 is-layout-flex wp-block-gallery-is-layout-flex\">\n<figure class=\"wp-block-image size-large\"><img loading=\"lazy\" decoding=\"async\" width=\"300\" height=\"180\" data-id=\"32894\" src=\"https:\/\/radiostudiow.com.br\/site\/wp-content\/uploads\/2025\/01\/SITE-PEQUENO2.png\" alt=\"\" class=\"wp-image-32894\"\/><\/figure>\n\n\n\n<figure class=\"wp-block-image size-large\"><img loading=\"lazy\" decoding=\"async\" width=\"300\" height=\"180\" data-id=\"32851\" src=\"https:\/\/radiostudiow.com.br\/site\/wp-content\/uploads\/2025\/01\/SITE-PEQUENO3.png\" alt=\"\" class=\"wp-image-32851\"\/><\/figure>\n\n\n\n<figure class=\"wp-block-image size-large\"><img loading=\"lazy\" decoding=\"async\" width=\"300\" height=\"180\" data-id=\"32833\" src=\"https:\/\/radiostudiow.com.br\/site\/wp-content\/uploads\/2025\/01\/SITE-PEQUENO.png\" alt=\"\" class=\"wp-image-32833\"\/><\/figure>\n<\/figure>\n","protected":false},"excerpt":{"rendered":"<p>A Pol\u00edcia Militar de Porto Uni\u00e3o foi acionada nesta sexta-feira, dia 24, para atender a uma ocorr\u00eancia de tentativa de homic\u00eddio. O chamado foi realizado pelo Hospital S\u00e3o Camilo\/S\u00e3o Braz, que notificou a entrada de um homem ferido por disparos de arma de fogo. Conforme as primeiras informa\u00e7\u00f5es, o crime aconteceu na localidade de Ca\u00e7adorzinho, [&hellip;]<\/p>\n","protected":false},"author":2,"featured_media":32594,"comment_status":"open","ping_status":"open","sticky":false,"template":"","format":"standard","meta":{"footnotes":""},"categories":[2,185],"tags":[172],"class_list":["post-33307","post","type-post","status-publish","format-standard","has-post-thumbnail","hentry","category-policial","category-regional","tag-featured"],"amp_enabled":true,"_links":{"self":[{"href":"https:\/\/radiostudiow.com.br\/site\/wp-json\/wp\/v2\/posts\/33307","targetHints":{"allow":["GET"]}}],"collection":[{"href":"https:\/\/radiostudiow.com.br\/site\/wp-json\/wp\/v2\/posts"}],"about":[{"href":"https:\/\/radiostudiow.com.br\/site\/wp-json\/wp\/v2\/types\/post"}],"author":[{"embeddable":true,"href":"https:\/\/radiostudiow.com.br\/site\/wp-json\/wp\/v2\/users\/2"}],"replies":[{"embeddable":true,"href":"https:\/\/radiostudiow.com.br\/site\/wp-json\/wp\/v2\/comments?post=33307"}],"version-history":[{"count":1,"href":"https:\/\/radiostudiow.com.br\/site\/wp-json\/wp\/v2\/posts\/33307\/revisions"}],"predecessor-version":[{"id":33313,"href":"https:\/\/radiostudiow.com.br\/site\/wp-json\/wp\/v2\/posts\/33307\/revisions\/33313"}],"wp:featuredmedia":[{"embeddable":true,"href":"https:\/\/radiostudiow.com.br\/site\/wp-json\/wp\/v2\/media\/32594"}],"wp:attachment":[{"href":"https:\/\/radiostudiow.com.br\/site\/wp-json\/wp\/v2\/media?parent=33307"}],"wp:term":[{"taxonomy":"category","embeddable":true,"href":"https:\/\/radiostudiow.com.br\/site\/wp-json\/wp\/v2\/categories?post=33307"},{"taxonomy":"post_tag","embeddable":true,"href":"https:\/\/radiostudiow.com.br\/site\/wp-json\/wp\/v2\/tags?post=33307"}],"curies":[{"name":"wp","href":"https:\/\/api.w.org\/{rel}","templated":true}]}}