{"id":33312,"date":"2025-01-25T13:54:00","date_gmt":"2025-01-25T16:54:00","guid":{"rendered":"https:\/\/radiostudiow.com.br\/site\/?p=33312"},"modified":"2025-01-25T13:54:01","modified_gmt":"2025-01-25T16:54:01","slug":"homem-e-detido-apos-tentativa-de-furto-em-supermercado-em-uniao-da-vitoria","status":"publish","type":"post","link":"https:\/\/radiostudiow.com.br\/site\/2025\/01\/25\/homem-e-detido-apos-tentativa-de-furto-em-supermercado-em-uniao-da-vitoria\/","title":{"rendered":"Homem \u00e9 detido ap\u00f3s tentativa de furto em supermercado em Uni\u00e3o da Vit\u00f3ria"},"content":{"rendered":"\n<p><\/p>\n\n\n\n<figure class=\"wp-block-image size-full\"><img loading=\"lazy\" decoding=\"async\" width=\"897\" height=\"204\" src=\"https:\/\/radiostudiow.com.br\/site\/wp-content\/uploads\/2025\/01\/SITE-GRANDE3.png\" alt=\"\" class=\"wp-image-32900\" srcset=\"https:\/\/radiostudiow.com.br\/site\/wp-content\/uploads\/2025\/01\/SITE-GRANDE3.png 897w, https:\/\/radiostudiow.com.br\/site\/wp-content\/uploads\/2025\/01\/SITE-GRANDE3-300x68.png 300w, https:\/\/radiostudiow.com.br\/site\/wp-content\/uploads\/2025\/01\/SITE-GRANDE3-768x175.png 768w\" sizes=\"auto, (max-width: 897px) 100vw, 897px\" \/><\/figure>\n\n\n\n<p><\/p>\n\n\n\n<p style=\"font-size:21px\">Na tarde desta sexta-feira (25), por volta das 16h49, a Pol\u00edcia Militar foi acionada para atender uma ocorr\u00eancia de furto em um supermercado localizado no distrito de S\u00e3o Crist\u00f3v\u00e3o, em Uni\u00e3o da Vit\u00f3ria.<\/p>\n\n\n\n<p style=\"font-size:21px\">Segundo relato de um funcion\u00e1rio do estabelecimento, um homem teria tentado furtar carne e, ao ser surpreendido, tentou fugir. Contudo, ele foi contido no local pela equipe do supermercado.<\/p>\n\n\n\n<p style=\"font-size:21px\">A Pol\u00edcia Militar conduziu o suspeito \u00e0 Delegacia de Pol\u00edcia Civil para a realiza\u00e7\u00e3o dos procedimentos legais.<\/p>\n\n\n\n<p><\/p>\n\n\n\n<figure class=\"wp-block-image size-full\"><img loading=\"lazy\" decoding=\"async\" width=\"598\" height=\"204\" src=\"https:\/\/radiostudiow.com.br\/site\/wp-content\/uploads\/2023\/12\/SITE-MEDIO4.png\" alt=\"\" class=\"wp-image-17598\" srcset=\"https:\/\/radiostudiow.com.br\/site\/wp-content\/uploads\/2023\/12\/SITE-MEDIO4.png 598w, https:\/\/radiostudiow.com.br\/site\/wp-content\/uploads\/2023\/12\/SITE-MEDIO4-300x102.png 300w\" sizes=\"auto, (max-width: 598px) 100vw, 598px\" \/><\/figure>\n","protected":false},"excerpt":{"rendered":"<p>Na tarde desta sexta-feira (25), por volta das 16h49, a Pol\u00edcia Militar foi acionada para atender uma ocorr\u00eancia de furto em um supermercado localizado no distrito de S\u00e3o Crist\u00f3v\u00e3o, em Uni\u00e3o da Vit\u00f3ria. Segundo relato de um funcion\u00e1rio do estabelecimento, um homem teria tentado furtar carne e, ao ser surpreendido, tentou fugir. Contudo, ele foi [&hellip;]<\/p>\n","protected":false},"author":2,"featured_media":30530,"comment_status":"open","ping_status":"open","sticky":false,"template":"","format":"standard","meta":{"footnotes":""},"categories":[2,185],"tags":[172],"class_list":["post-33312","post","type-post","status-publish","format-standard","has-post-thumbnail","hentry","category-policial","category-regional","tag-featured"],"amp_enabled":true,"_links":{"self":[{"href":"https:\/\/radiostudiow.com.br\/site\/wp-json\/wp\/v2\/posts\/33312","targetHints":{"allow":["GET"]}}],"collection":[{"href":"https:\/\/radiostudiow.com.br\/site\/wp-json\/wp\/v2\/posts"}],"about":[{"href":"https:\/\/radiostudiow.com.br\/site\/wp-json\/wp\/v2\/types\/post"}],"author":[{"embeddable":true,"href":"https:\/\/radiostudiow.com.br\/site\/wp-json\/wp\/v2\/users\/2"}],"replies":[{"embeddable":true,"href":"https:\/\/radiostudiow.com.br\/site\/wp-json\/wp\/v2\/comments?post=33312"}],"version-history":[{"count":1,"href":"https:\/\/radiostudiow.com.br\/site\/wp-json\/wp\/v2\/posts\/33312\/revisions"}],"predecessor-version":[{"id":33317,"href":"https:\/\/radiostudiow.com.br\/site\/wp-json\/wp\/v2\/posts\/33312\/revisions\/33317"}],"wp:featuredmedia":[{"embeddable":true,"href":"https:\/\/radiostudiow.com.br\/site\/wp-json\/wp\/v2\/media\/30530"}],"wp:attachment":[{"href":"https:\/\/radiostudiow.com.br\/site\/wp-json\/wp\/v2\/media?parent=33312"}],"wp:term":[{"taxonomy":"category","embeddable":true,"href":"https:\/\/radiostudiow.com.br\/site\/wp-json\/wp\/v2\/categories?post=33312"},{"taxonomy":"post_tag","embeddable":true,"href":"https:\/\/radiostudiow.com.br\/site\/wp-json\/wp\/v2\/tags?post=33312"}],"curies":[{"name":"wp","href":"https:\/\/api.w.org\/{rel}","templated":true}]}}