{"id":33315,"date":"2025-01-25T13:59:00","date_gmt":"2025-01-25T16:59:00","guid":{"rendered":"https:\/\/radiostudiow.com.br\/site\/?p=33315"},"modified":"2025-01-25T13:59:00","modified_gmt":"2025-01-25T16:59:00","slug":"motocicleta-com-chassi-raspado-e-apreendida-no-centro-de-general-carneiro","status":"publish","type":"post","link":"https:\/\/radiostudiow.com.br\/site\/2025\/01\/25\/motocicleta-com-chassi-raspado-e-apreendida-no-centro-de-general-carneiro\/","title":{"rendered":"Motocicleta com chassi raspado \u00e9 apreendida no Centro de General Carneiro"},"content":{"rendered":"\n<p><\/p>\n\n\n\n<figure class=\"wp-block-image size-full\"><img loading=\"lazy\" decoding=\"async\" width=\"897\" height=\"204\" src=\"https:\/\/radiostudiow.com.br\/site\/wp-content\/uploads\/2024\/01\/SITE-GRANDE3.png\" alt=\"zaions\" class=\"wp-image-18936\" srcset=\"https:\/\/radiostudiow.com.br\/site\/wp-content\/uploads\/2024\/01\/SITE-GRANDE3.png 897w, https:\/\/radiostudiow.com.br\/site\/wp-content\/uploads\/2024\/01\/SITE-GRANDE3-300x68.png 300w, https:\/\/radiostudiow.com.br\/site\/wp-content\/uploads\/2024\/01\/SITE-GRANDE3-768x175.png 768w\" sizes=\"auto, (max-width: 897px) 100vw, 897px\" \/><\/figure>\n\n\n\n<p><\/p>\n\n\n\n<p>Na noite desta sexta-feira (24), por volta das 19h38, uma equipe da Pol\u00edcia Militar que realizava patrulhamento no Centro de General Carneiro apreendeu uma motocicleta em situa\u00e7\u00e3o irregular.<\/p>\n\n\n\n<p>Durante uma abordagem, os policiais realizaram uma vistoria detalhada no ve\u00edculo e constataram que o chassi da motocicleta estava com a numera\u00e7\u00e3o raspada. Al\u00e9m disso, foi identificado que o ve\u00edculo n\u00e3o possu\u00eda placa de identifica\u00e7\u00e3o.<\/p>\n\n\n\n<p>Diante das irregularidades, a motocicleta foi imediatamente recolhida e encaminhada para as devidas provid\u00eancias legais. O caso segue sob investiga\u00e7\u00e3o para apurar a origem do ve\u00edculo.<\/p>\n\n\n\n<p>A Pol\u00edcia Militar refor\u00e7a a import\u00e2ncia de que motoristas mantenham a documenta\u00e7\u00e3o e a identifica\u00e7\u00e3o de seus ve\u00edculos em conformidade com a legisla\u00e7\u00e3o vigente.<\/p>\n\n\n\n<p><\/p>\n\n\n\n<figure class=\"wp-block-image size-full\"><img loading=\"lazy\" decoding=\"async\" width=\"598\" height=\"204\" src=\"https:\/\/radiostudiow.com.br\/site\/wp-content\/uploads\/2024\/01\/SITE-MEDIO.png\" alt=\"\" class=\"wp-image-18916\" srcset=\"https:\/\/radiostudiow.com.br\/site\/wp-content\/uploads\/2024\/01\/SITE-MEDIO.png 598w, https:\/\/radiostudiow.com.br\/site\/wp-content\/uploads\/2024\/01\/SITE-MEDIO-300x102.png 300w\" sizes=\"auto, (max-width: 598px) 100vw, 598px\" \/><\/figure>\n","protected":false},"excerpt":{"rendered":"<p>Na noite desta sexta-feira (24), por volta das 19h38, uma equipe da Pol\u00edcia Militar que realizava patrulhamento no Centro de General Carneiro apreendeu uma motocicleta em situa\u00e7\u00e3o irregular. Durante uma abordagem, os policiais realizaram uma vistoria detalhada no ve\u00edculo e constataram que o chassi da motocicleta estava com a numera\u00e7\u00e3o raspada. Al\u00e9m disso, foi identificado [&hellip;]<\/p>\n","protected":false},"author":2,"featured_media":28650,"comment_status":"open","ping_status":"open","sticky":false,"template":"","format":"standard","meta":{"footnotes":""},"categories":[2,185],"tags":[172],"class_list":["post-33315","post","type-post","status-publish","format-standard","has-post-thumbnail","hentry","category-policial","category-regional","tag-featured"],"amp_enabled":true,"_links":{"self":[{"href":"https:\/\/radiostudiow.com.br\/site\/wp-json\/wp\/v2\/posts\/33315","targetHints":{"allow":["GET"]}}],"collection":[{"href":"https:\/\/radiostudiow.com.br\/site\/wp-json\/wp\/v2\/posts"}],"about":[{"href":"https:\/\/radiostudiow.com.br\/site\/wp-json\/wp\/v2\/types\/post"}],"author":[{"embeddable":true,"href":"https:\/\/radiostudiow.com.br\/site\/wp-json\/wp\/v2\/users\/2"}],"replies":[{"embeddable":true,"href":"https:\/\/radiostudiow.com.br\/site\/wp-json\/wp\/v2\/comments?post=33315"}],"version-history":[{"count":1,"href":"https:\/\/radiostudiow.com.br\/site\/wp-json\/wp\/v2\/posts\/33315\/revisions"}],"predecessor-version":[{"id":33318,"href":"https:\/\/radiostudiow.com.br\/site\/wp-json\/wp\/v2\/posts\/33315\/revisions\/33318"}],"wp:featuredmedia":[{"embeddable":true,"href":"https:\/\/radiostudiow.com.br\/site\/wp-json\/wp\/v2\/media\/28650"}],"wp:attachment":[{"href":"https:\/\/radiostudiow.com.br\/site\/wp-json\/wp\/v2\/media?parent=33315"}],"wp:term":[{"taxonomy":"category","embeddable":true,"href":"https:\/\/radiostudiow.com.br\/site\/wp-json\/wp\/v2\/categories?post=33315"},{"taxonomy":"post_tag","embeddable":true,"href":"https:\/\/radiostudiow.com.br\/site\/wp-json\/wp\/v2\/tags?post=33315"}],"curies":[{"name":"wp","href":"https:\/\/api.w.org\/{rel}","templated":true}]}}