{"id":33319,"date":"2025-01-25T16:42:51","date_gmt":"2025-01-25T19:42:51","guid":{"rendered":"https:\/\/radiostudiow.com.br\/site\/?p=33319"},"modified":"2025-01-25T16:46:59","modified_gmt":"2025-01-25T19:46:59","slug":"arvore-cai-na-br-153-em-mallet-e-causa-bloqueio-temporario","status":"publish","type":"post","link":"https:\/\/radiostudiow.com.br\/site\/2025\/01\/25\/arvore-cai-na-br-153-em-mallet-e-causa-bloqueio-temporario\/","title":{"rendered":"\u00c1rvore cai na BR-153 em Mallet e causa bloqueio tempor\u00e1rio"},"content":{"rendered":"\n<p><\/p>\n\n\n\n<figure class=\"wp-block-image size-full\"><img loading=\"lazy\" decoding=\"async\" width=\"900\" height=\"205\" src=\"https:\/\/radiostudiow.com.br\/site\/wp-content\/uploads\/2024\/03\/bannertijolao-e1733625657395.jpg\" alt=\"\" class=\"wp-image-20494\" srcset=\"https:\/\/radiostudiow.com.br\/site\/wp-content\/uploads\/2024\/03\/bannertijolao-e1733625657395.jpg 900w, https:\/\/radiostudiow.com.br\/site\/wp-content\/uploads\/2024\/03\/bannertijolao-e1733625657395-300x68.jpg 300w, https:\/\/radiostudiow.com.br\/site\/wp-content\/uploads\/2024\/03\/bannertijolao-e1733625657395-768x175.jpg 768w\" sizes=\"auto, (max-width: 900px) 100vw, 900px\" \/><\/figure>\n\n\n\n<figure class=\"wp-block-image size-full\"><img loading=\"lazy\" decoding=\"async\" width=\"897\" height=\"204\" src=\"https:\/\/radiostudiow.com.br\/site\/wp-content\/uploads\/2024\/08\/TIJOLAO.png\" alt=\"\" class=\"wp-image-25951\" srcset=\"https:\/\/radiostudiow.com.br\/site\/wp-content\/uploads\/2024\/08\/TIJOLAO.png 897w, https:\/\/radiostudiow.com.br\/site\/wp-content\/uploads\/2024\/08\/TIJOLAO-300x68.png 300w, https:\/\/radiostudiow.com.br\/site\/wp-content\/uploads\/2024\/08\/TIJOLAO-768x175.png 768w\" sizes=\"auto, (max-width: 897px) 100vw, 897px\" \/><\/figure>\n\n\n\n<p><\/p>\n\n\n\n<p style=\"font-size:21px\">Na tarde deste s\u00e1bado (25), uma \u00e1rvore caiu sobre a BR-153, no Bairro Eldorado, em Mallet, provocando o bloqueio parcial da rodovia. Os Brigadistas Comunit\u00e1rios foram acionados para atender a ocorr\u00eancia, que foi causada pelos ventos fortes acompanhados de chuva registrados na regi\u00e3o.<\/p>\n\n\n\n<p style=\"font-size:21px\">De acordo com moradores, as condi\u00e7\u00f5es clim\u00e1ticas adversas contribu\u00edram para a queda da \u00e1rvore, que gerou transtornos tempor\u00e1rios no tr\u00e1fego. A equipe dos Bombeiros realizou o corte e a remo\u00e7\u00e3o da \u00e1rvore, liberando a via para os motoristas.<\/p>\n\n\n\n<p style=\"font-size:21px\">Felizmente, n\u00e3o houve feridos no incidente. As autoridades refor\u00e7am a necessidade de cautela ao dirigir durante per\u00edodos de ventos fortes e chuvas intensas.<\/p>\n\n\n\n<p><\/p>\n\n\n\n<figure class=\"wp-block-image size-full\"><img decoding=\"async\" src=\"https:\/\/radiostudiow.com.br\/site\/wp-content\/uploads\/2024\/01\/SITE-GRANDE.png\" alt=\"\" class=\"wp-image-18949\"\/><\/figure>\n\n\n\n<p><\/p>\n\n\n\n<figure class=\"wp-block-image size-large\"><img loading=\"lazy\" decoding=\"async\" width=\"776\" height=\"1024\" src=\"https:\/\/radiostudiow.com.br\/site\/wp-content\/uploads\/2025\/01\/Imagem-do-WhatsApp-de-2025-01-25-as-16.25.52_5f59a868-776x1024.jpg\" alt=\"\" class=\"wp-image-33320\" srcset=\"https:\/\/radiostudiow.com.br\/site\/wp-content\/uploads\/2025\/01\/Imagem-do-WhatsApp-de-2025-01-25-as-16.25.52_5f59a868-776x1024.jpg 776w, https:\/\/radiostudiow.com.br\/site\/wp-content\/uploads\/2025\/01\/Imagem-do-WhatsApp-de-2025-01-25-as-16.25.52_5f59a868-227x300.jpg 227w, https:\/\/radiostudiow.com.br\/site\/wp-content\/uploads\/2025\/01\/Imagem-do-WhatsApp-de-2025-01-25-as-16.25.52_5f59a868-768x1013.jpg 768w, https:\/\/radiostudiow.com.br\/site\/wp-content\/uploads\/2025\/01\/Imagem-do-WhatsApp-de-2025-01-25-as-16.25.52_5f59a868.jpg 1080w\" sizes=\"auto, (max-width: 776px) 100vw, 776px\" \/><\/figure>\n\n\n\n<figure class=\"wp-block-image size-large\"><img loading=\"lazy\" decoding=\"async\" width=\"576\" height=\"1024\" src=\"https:\/\/radiostudiow.com.br\/site\/wp-content\/uploads\/2025\/01\/Imagem-do-WhatsApp-de-2025-01-25-as-16.28.54_70683623-576x1024.jpg\" alt=\"\" class=\"wp-image-33321\" srcset=\"https:\/\/radiostudiow.com.br\/site\/wp-content\/uploads\/2025\/01\/Imagem-do-WhatsApp-de-2025-01-25-as-16.28.54_70683623-576x1024.jpg 576w, https:\/\/radiostudiow.com.br\/site\/wp-content\/uploads\/2025\/01\/Imagem-do-WhatsApp-de-2025-01-25-as-16.28.54_70683623-169x300.jpg 169w, https:\/\/radiostudiow.com.br\/site\/wp-content\/uploads\/2025\/01\/Imagem-do-WhatsApp-de-2025-01-25-as-16.28.54_70683623.jpg 720w\" sizes=\"auto, (max-width: 576px) 100vw, 576px\" \/><\/figure>\n\n\n\n<figure class=\"wp-block-image size-large\"><img decoding=\"async\" src=\"https:\/\/radiostudiow.com.br\/site\/wp-content\/uploads\/2025\/01\/Imagem-do-WhatsApp-de-2025-01-25-as-16.28.55_c22dc639-576x1024.jpg\" alt=\"\" class=\"wp-image-33322\"\/><\/figure>\n\n\n\n<p><\/p>\n\n\n\n<figure class=\"wp-block-image size-full\"><img loading=\"lazy\" decoding=\"async\" width=\"897\" height=\"204\" src=\"https:\/\/radiostudiow.com.br\/site\/wp-content\/uploads\/2024\/01\/SITE-GRANDE3.png\" alt=\"zaions\" class=\"wp-image-18936\" srcset=\"https:\/\/radiostudiow.com.br\/site\/wp-content\/uploads\/2024\/01\/SITE-GRANDE3.png 897w, https:\/\/radiostudiow.com.br\/site\/wp-content\/uploads\/2024\/01\/SITE-GRANDE3-300x68.png 300w, https:\/\/radiostudiow.com.br\/site\/wp-content\/uploads\/2024\/01\/SITE-GRANDE3-768x175.png 768w\" sizes=\"auto, (max-width: 897px) 100vw, 897px\" \/><\/figure>\n","protected":false},"excerpt":{"rendered":"<p>Na tarde deste s\u00e1bado (25), uma \u00e1rvore caiu sobre a BR-153, no Bairro Eldorado, em Mallet, provocando o bloqueio parcial da rodovia. Os Brigadistas Comunit\u00e1rios foram acionados para atender a ocorr\u00eancia, que foi causada pelos ventos fortes acompanhados de chuva registrados na regi\u00e3o. De acordo com moradores, as condi\u00e7\u00f5es clim\u00e1ticas adversas contribu\u00edram para a queda [&hellip;]<\/p>\n","protected":false},"author":2,"featured_media":33320,"comment_status":"open","ping_status":"open","sticky":false,"template":"","format":"standard","meta":{"footnotes":""},"categories":[184],"tags":[172],"class_list":["post-33319","post","type-post","status-publish","format-standard","has-post-thumbnail","hentry","category-local","tag-featured"],"amp_enabled":true,"_links":{"self":[{"href":"https:\/\/radiostudiow.com.br\/site\/wp-json\/wp\/v2\/posts\/33319","targetHints":{"allow":["GET"]}}],"collection":[{"href":"https:\/\/radiostudiow.com.br\/site\/wp-json\/wp\/v2\/posts"}],"about":[{"href":"https:\/\/radiostudiow.com.br\/site\/wp-json\/wp\/v2\/types\/post"}],"author":[{"embeddable":true,"href":"https:\/\/radiostudiow.com.br\/site\/wp-json\/wp\/v2\/users\/2"}],"replies":[{"embeddable":true,"href":"https:\/\/radiostudiow.com.br\/site\/wp-json\/wp\/v2\/comments?post=33319"}],"version-history":[{"count":1,"href":"https:\/\/radiostudiow.com.br\/site\/wp-json\/wp\/v2\/posts\/33319\/revisions"}],"predecessor-version":[{"id":33323,"href":"https:\/\/radiostudiow.com.br\/site\/wp-json\/wp\/v2\/posts\/33319\/revisions\/33323"}],"wp:featuredmedia":[{"embeddable":true,"href":"https:\/\/radiostudiow.com.br\/site\/wp-json\/wp\/v2\/media\/33320"}],"wp:attachment":[{"href":"https:\/\/radiostudiow.com.br\/site\/wp-json\/wp\/v2\/media?parent=33319"}],"wp:term":[{"taxonomy":"category","embeddable":true,"href":"https:\/\/radiostudiow.com.br\/site\/wp-json\/wp\/v2\/categories?post=33319"},{"taxonomy":"post_tag","embeddable":true,"href":"https:\/\/radiostudiow.com.br\/site\/wp-json\/wp\/v2\/tags?post=33319"}],"curies":[{"name":"wp","href":"https:\/\/api.w.org\/{rel}","templated":true}]}}