{"id":3333,"date":"2021-08-21T09:25:02","date_gmt":"2021-08-21T12:25:02","guid":{"rendered":"https:\/\/radiostudiow.com.br\/site\/?p=3333"},"modified":"2025-01-31T15:12:30","modified_gmt":"2025-01-31T18:12:30","slug":"carro-colide-em-carroca-de-enfeite-da-praca-em-dorizon","status":"publish","type":"post","link":"https:\/\/radiostudiow.com.br\/site\/2021\/08\/21\/carro-colide-em-carroca-de-enfeite-da-praca-em-dorizon\/","title":{"rendered":"Carro colide em carro\u00e7a de enfeite da pra\u00e7a em Dorizon"},"content":{"rendered":"\n<p>Por volta das 14:45 horas dessa quinta &#8211; feira, 19 de agosto, a equipe da Pol\u00edcia Militar de Mallet foi acionada por uma liga\u00e7\u00e3o an\u00f4nima, ap\u00f3s ocorrer um acidente de transi\u00e7\u00e3o na pra\u00e7a em Dorizon.<\/p>\n\n\n\n<p>De acordo com o solicitante, o gol quadrado de cor marrom, havia colidido na carro\u00e7a que enfeita a pra\u00e7a na localidade de Dorizon e que o condutor apresentava vis\u00edveis sinais de embriagues.<\/p>\n\n\n\n<p>Diante dos fatos, a equipe policial se deslocou at\u00e9 o local, constatado o dano na carro\u00e7a, por\u00e9m o condutor j\u00e1 havia se evadido do local.<\/p>\n\n\n\n<p>Os policiais sa\u00edram em patrulhamento pelo local e pelas proximidades, porem o mesmo n\u00e3o foi localizado.<\/p>\n\n\n\n<figure class=\"wp-block-image size-full\"><img decoding=\"async\" src=\"https:\/\/radiostudiow.com.br\/site\/wp-content\/uploads\/2021\/02\/HF-MALLET.jpg\" alt=\"\" class=\"wp-image-685\"\/><\/figure>\n","protected":false},"excerpt":{"rendered":"<p>Por volta das 14:45 horas dessa quinta &#8211; feira, 19 de agosto, a equipe da Pol\u00edcia Militar de Mallet foi acionada por uma liga\u00e7\u00e3o an\u00f4nima, ap\u00f3s ocorrer um acidente de transi\u00e7\u00e3o na pra\u00e7a em Dorizon. De acordo com o solicitante, o gol quadrado de cor marrom, havia colidido na carro\u00e7a que enfeita a pra\u00e7a na [&hellip;]<\/p>\n","protected":false},"author":2,"featured_media":0,"comment_status":"open","ping_status":"open","sticky":false,"template":"","format":"standard","meta":{"footnotes":""},"categories":[2],"tags":[172],"class_list":["post-3333","post","type-post","status-publish","format-standard","hentry","category-policial","tag-featured"],"amp_enabled":true,"_links":{"self":[{"href":"https:\/\/radiostudiow.com.br\/site\/wp-json\/wp\/v2\/posts\/3333","targetHints":{"allow":["GET"]}}],"collection":[{"href":"https:\/\/radiostudiow.com.br\/site\/wp-json\/wp\/v2\/posts"}],"about":[{"href":"https:\/\/radiostudiow.com.br\/site\/wp-json\/wp\/v2\/types\/post"}],"author":[{"embeddable":true,"href":"https:\/\/radiostudiow.com.br\/site\/wp-json\/wp\/v2\/users\/2"}],"replies":[{"embeddable":true,"href":"https:\/\/radiostudiow.com.br\/site\/wp-json\/wp\/v2\/comments?post=3333"}],"version-history":[{"count":1,"href":"https:\/\/radiostudiow.com.br\/site\/wp-json\/wp\/v2\/posts\/3333\/revisions"}],"predecessor-version":[{"id":3334,"href":"https:\/\/radiostudiow.com.br\/site\/wp-json\/wp\/v2\/posts\/3333\/revisions\/3334"}],"wp:attachment":[{"href":"https:\/\/radiostudiow.com.br\/site\/wp-json\/wp\/v2\/media?parent=3333"}],"wp:term":[{"taxonomy":"category","embeddable":true,"href":"https:\/\/radiostudiow.com.br\/site\/wp-json\/wp\/v2\/categories?post=3333"},{"taxonomy":"post_tag","embeddable":true,"href":"https:\/\/radiostudiow.com.br\/site\/wp-json\/wp\/v2\/tags?post=3333"}],"curies":[{"name":"wp","href":"https:\/\/api.w.org\/{rel}","templated":true}]}}